{"id":12721,"date":"2024-01-10T11:56:53","date_gmt":"2024-01-10T14:56:53","guid":{"rendered":"https:\/\/www.confere.org.br\/wordpress\/?p=12721"},"modified":"2024-01-10T12:01:31","modified_gmt":"2024-01-10T15:01:31","slug":"2023-resolucao-no-139-2023","status":"publish","type":"post","link":"https:\/\/www.confere.org.br\/wordpress\/2023-resolucao-no-139-2023\/","title":{"rendered":"2023 &#8211; Portaria n\u00ba 139\/2023"},"content":{"rendered":"\n<p>Designa o fiscal do contrato no 03\/2022 para presta\u00e7\u00e3o de <br \/>servi\u00e7os de Desenvolvimento de sistema Web para <br \/>Realiza\u00e7\u00e3o de Manuten\u00e7\u00e3o, Suporte e Treinamento para o <br \/>Sistema Designado &#8220;\u00c1rea do Representante&#8221;, firmado com a <br \/>empresa Rede inova Tecnologia Ltda, derivado do Processo <br \/>de Licita\u00e7\u00e3o no 16\/2021, no \u00e2mbito do Conselho Federal dos <br \/>Representantes Comerciais, no uso de suas atribui\u00e7\u00f5es <br \/>legais e regimentais, e disp\u00f5e sobre suas atribui\u00e7\u00f5es.<\/p>\n<p><a href=\"https:\/\/www.confere.org.br\/wordpress\/wp-content\/uploads\/2024\/01\/PORTARIA_139_2023.pdf\">https:\/\/www.confere.org.br\/wordpress\/wp-content\/uploads\/2024\/01\/PORTARIA_139_2023.pdf<\/a><\/p>\n\n\n","protected":false},"excerpt":{"rendered":"<p>139, Portaria, https:\/\/www.confere.org.br\/wordpress\/wp-content\/uploads\/2024\/01\/PORTARIA_139_2023.pdf<\/p>\n","protected":false},"author":3,"featured_media":0,"comment_status":"closed","ping_status":"closed","sticky":false,"template":"","format":"standard","meta":[],"categories":[52],"tags":[],"_links":{"self":[{"href":"https:\/\/www.confere.org.br\/wordpress\/wp-json\/wp\/v2\/posts\/12721"}],"collection":[{"href":"https:\/\/www.confere.org.br\/wordpress\/wp-json\/wp\/v2\/posts"}],"about":[{"href":"https:\/\/www.confere.org.br\/wordpress\/wp-json\/wp\/v2\/types\/post"}],"author":[{"embeddable":true,"href":"https:\/\/www.confere.org.br\/wordpress\/wp-json\/wp\/v2\/users\/3"}],"replies":[{"embeddable":true,"href":"https:\/\/www.confere.org.br\/wordpress\/wp-json\/wp\/v2\/comments?post=12721"}],"version-history":[{"count":2,"href":"https:\/\/www.confere.org.br\/wordpress\/wp-json\/wp\/v2\/posts\/12721\/revisions"}],"predecessor-version":[{"id":12723,"href":"https:\/\/www.confere.org.br\/wordpress\/wp-json\/wp\/v2\/posts\/12721\/revisions\/12723"}],"wp:attachment":[{"href":"https:\/\/www.confere.org.br\/wordpress\/wp-json\/wp\/v2\/media?parent=12721"}],"wp:term":[{"taxonomy":"category","embeddable":true,"href":"https:\/\/www.confere.org.br\/wordpress\/wp-json\/wp\/v2\/categories?post=12721"},{"taxonomy":"post_tag","embeddable":true,"href":"https:\/\/www.confere.org.br\/wordpress\/wp-json\/wp\/v2\/tags?post=12721"}],"curies":[{"name":"wp","href":"https:\/\/api.w.org\/{rel}","templated":true}]}}