{"id":12727,"date":"2024-01-10T12:06:13","date_gmt":"2024-01-10T15:06:13","guid":{"rendered":"https:\/\/www.confere.org.br\/wordpress\/?p=12727"},"modified":"2024-01-10T12:06:15","modified_gmt":"2024-01-10T15:06:15","slug":"2023-portaria-no-48-2023","status":"publish","type":"post","link":"https:\/\/www.confere.org.br\/wordpress\/2023-portaria-no-48-2023\/","title":{"rendered":"2023 &#8211; Portaria n\u00ba 48\/2023"},"content":{"rendered":"\n<p>Designa o fiscal do contrato 09\/2023, firmado com a <br \/>empresa Orbitel Telecomunica\u00e7\u00f5es e Inform\u00e1tica Eireli, <br \/>derivado do Processo de Licita\u00e7\u00e3o no 02\/2023, cujo <br \/>objeto se refere ao fornecimento de link dedicado de <br \/>internet; bem como disp\u00f5e sobre suas atribui\u00e7\u00f5es.<\/p>\n<p><a href=\"https:\/\/www.confere.org.br\/wordpress\/wp-content\/uploads\/2024\/01\/PORTARIA_48_2023.pdf\">https:\/\/www.confere.org.br\/wordpress\/wp-content\/uploads\/2024\/01\/PORTARIA_48_2023.pdf<\/a><\/p>\n\n\n","protected":false},"excerpt":{"rendered":"<p>48, Portaria, https:\/\/www.confere.org.br\/wordpress\/wp-content\/uploads\/2024\/01\/PORTARIA_48_2023.pdf<\/p>\n","protected":false},"author":3,"featured_media":0,"comment_status":"closed","ping_status":"closed","sticky":false,"template":"","format":"standard","meta":[],"categories":[52],"tags":[],"_links":{"self":[{"href":"https:\/\/www.confere.org.br\/wordpress\/wp-json\/wp\/v2\/posts\/12727"}],"collection":[{"href":"https:\/\/www.confere.org.br\/wordpress\/wp-json\/wp\/v2\/posts"}],"about":[{"href":"https:\/\/www.confere.org.br\/wordpress\/wp-json\/wp\/v2\/types\/post"}],"author":[{"embeddable":true,"href":"https:\/\/www.confere.org.br\/wordpress\/wp-json\/wp\/v2\/users\/3"}],"replies":[{"embeddable":true,"href":"https:\/\/www.confere.org.br\/wordpress\/wp-json\/wp\/v2\/comments?post=12727"}],"version-history":[{"count":1,"href":"https:\/\/www.confere.org.br\/wordpress\/wp-json\/wp\/v2\/posts\/12727\/revisions"}],"predecessor-version":[{"id":12728,"href":"https:\/\/www.confere.org.br\/wordpress\/wp-json\/wp\/v2\/posts\/12727\/revisions\/12728"}],"wp:attachment":[{"href":"https:\/\/www.confere.org.br\/wordpress\/wp-json\/wp\/v2\/media?parent=12727"}],"wp:term":[{"taxonomy":"category","embeddable":true,"href":"https:\/\/www.confere.org.br\/wordpress\/wp-json\/wp\/v2\/categories?post=12727"},{"taxonomy":"post_tag","embeddable":true,"href":"https:\/\/www.confere.org.br\/wordpress\/wp-json\/wp\/v2\/tags?post=12727"}],"curies":[{"name":"wp","href":"https:\/\/api.w.org\/{rel}","templated":true}]}}