{"id":12732,"date":"2024-01-10T12:09:47","date_gmt":"2024-01-10T15:09:47","guid":{"rendered":"https:\/\/www.confere.org.br\/wordpress\/?p=12732"},"modified":"2024-01-10T12:09:49","modified_gmt":"2024-01-10T15:09:49","slug":"2023-portaria-no-138-2023","status":"publish","type":"post","link":"https:\/\/www.confere.org.br\/wordpress\/2023-portaria-no-138-2023\/","title":{"rendered":"2023 &#8211; Portaria n\u00ba 138\/2023"},"content":{"rendered":"\n<p>Designa o fiscal do contrato no 013\/2019 para presta\u00e7\u00e3o de <br \/>servi\u00e7os de Desenvolvimento e Manuten\u00e7\u00e3o de um Novo <br \/>Website, firmado com a empresa TL Publicidade e <br \/>Assessoria Ltda-ME, derivado do Processo de Licita\u00e7\u00e3o no <br \/>021\/2018, no \u00e2mbito do Conselho Federal dos <br \/>Representantes Comerciais, no uso de suas atribui\u00e7\u00f5es <br \/>legais e regimentais, e disp\u00f5e sobre suas atribui\u00e7\u00f5es.<\/p>\n<p><a href=\"https:\/\/www.confere.org.br\/wordpress\/wp-content\/uploads\/2024\/01\/PORTARIA_138_2023.pdf\">https:\/\/www.confere.org.br\/wordpress\/wp-content\/uploads\/2024\/01\/PORTARIA_138_2023.pdf<\/a><\/p>\n<p>\u00a0<\/p>\n\n\n","protected":false},"excerpt":{"rendered":"<p>138, Portaria, https:\/\/www.confere.org.br\/wordpress\/wp-content\/uploads\/2024\/01\/PORTARIA_138_2023.pdf<\/p>\n","protected":false},"author":3,"featured_media":0,"comment_status":"closed","ping_status":"closed","sticky":false,"template":"","format":"standard","meta":[],"categories":[52],"tags":[],"_links":{"self":[{"href":"https:\/\/www.confere.org.br\/wordpress\/wp-json\/wp\/v2\/posts\/12732"}],"collection":[{"href":"https:\/\/www.confere.org.br\/wordpress\/wp-json\/wp\/v2\/posts"}],"about":[{"href":"https:\/\/www.confere.org.br\/wordpress\/wp-json\/wp\/v2\/types\/post"}],"author":[{"embeddable":true,"href":"https:\/\/www.confere.org.br\/wordpress\/wp-json\/wp\/v2\/users\/3"}],"replies":[{"embeddable":true,"href":"https:\/\/www.confere.org.br\/wordpress\/wp-json\/wp\/v2\/comments?post=12732"}],"version-history":[{"count":1,"href":"https:\/\/www.confere.org.br\/wordpress\/wp-json\/wp\/v2\/posts\/12732\/revisions"}],"predecessor-version":[{"id":12733,"href":"https:\/\/www.confere.org.br\/wordpress\/wp-json\/wp\/v2\/posts\/12732\/revisions\/12733"}],"wp:attachment":[{"href":"https:\/\/www.confere.org.br\/wordpress\/wp-json\/wp\/v2\/media?parent=12732"}],"wp:term":[{"taxonomy":"category","embeddable":true,"href":"https:\/\/www.confere.org.br\/wordpress\/wp-json\/wp\/v2\/categories?post=12732"},{"taxonomy":"post_tag","embeddable":true,"href":"https:\/\/www.confere.org.br\/wordpress\/wp-json\/wp\/v2\/tags?post=12732"}],"curies":[{"name":"wp","href":"https:\/\/api.w.org\/{rel}","templated":true}]}}