{"id":12740,"date":"2024-01-12T11:48:30","date_gmt":"2024-01-12T14:48:30","guid":{"rendered":"https:\/\/www.confere.org.br\/wordpress\/?p=12740"},"modified":"2024-01-12T14:09:55","modified_gmt":"2024-01-12T17:09:55","slug":"cartao-de-visita","status":"publish","type":"post","link":"https:\/\/www.confere.org.br\/wordpress\/cartao-de-visita\/","title":{"rendered":"Cart\u00e3o de Visita"},"content":{"rendered":"\n<p>\ud83d\udd0d VOC\u00ca SABIA? \ud83d\udd0d Adicionar o n\u00famero do registro no cart\u00e3o de visita \u00e9 uma forma s\u00f3lida de transmitir confian\u00e7a e transpar\u00eancia aos clientes.<\/p>\n<p><br \/>O n\u00famero do seu registro no Core assegura qualidade e credibilidade em cada intera\u00e7\u00e3o.<\/p>\n<p><img class=\"wp-image-12746 aligncenter\" src=\"https:\/\/www.confere.org.br\/wordpress\/wp-content\/uploads\/2024\/01\/Post_Cartao-de-Visita-2.jpg\" alt=\"\" width=\"570\" height=\"570\" srcset=\"https:\/\/www.confere.org.br\/wordpress\/wp-content\/uploads\/2024\/01\/Post_Cartao-de-Visita-2.jpg 1832w, https:\/\/www.confere.org.br\/wordpress\/wp-content\/uploads\/2024\/01\/Post_Cartao-de-Visita-2-300x300.jpg 300w, https:\/\/www.confere.org.br\/wordpress\/wp-content\/uploads\/2024\/01\/Post_Cartao-de-Visita-2-1024x1024.jpg 1024w, https:\/\/www.confere.org.br\/wordpress\/wp-content\/uploads\/2024\/01\/Post_Cartao-de-Visita-2-150x150.jpg 150w, https:\/\/www.confere.org.br\/wordpress\/wp-content\/uploads\/2024\/01\/Post_Cartao-de-Visita-2-768x768.jpg 768w, https:\/\/www.confere.org.br\/wordpress\/wp-content\/uploads\/2024\/01\/Post_Cartao-de-Visita-2-1536x1536.jpg 1536w, https:\/\/www.confere.org.br\/wordpress\/wp-content\/uploads\/2024\/01\/Post_Cartao-de-Visita-2-1568x1568.jpg 1568w\" sizes=\"(max-width: 570px) 100vw, 570px\" \/><br \/>O Art. 9\u00ba do C\u00f3digo de \u00c9tica e Disciplina do Representante Comercial estabelece que \u00e9 uma falta leve n\u00e3o indicar o n\u00famero de registro no Conselho Regional em sua propaganda, pap\u00e9is e documentos. Essa pr\u00e1tica \u00e9 importante para garantir transpar\u00eancia e cumprir as normas \u00e9ticas da profiss\u00e3o.<\/p>\n","protected":false},"excerpt":{"rendered":"<p>Inclua Seu N\u00famero de Registro nos Cart\u00f5es de Visita!<\/p>\n","protected":false},"author":7,"featured_media":12741,"comment_status":"closed","ping_status":"closed","sticky":false,"template":"","format":"standard","meta":[],"categories":[34,49],"tags":[],"_links":{"self":[{"href":"https:\/\/www.confere.org.br\/wordpress\/wp-json\/wp\/v2\/posts\/12740"}],"collection":[{"href":"https:\/\/www.confere.org.br\/wordpress\/wp-json\/wp\/v2\/posts"}],"about":[{"href":"https:\/\/www.confere.org.br\/wordpress\/wp-json\/wp\/v2\/types\/post"}],"author":[{"embeddable":true,"href":"https:\/\/www.confere.org.br\/wordpress\/wp-json\/wp\/v2\/users\/7"}],"replies":[{"embeddable":true,"href":"https:\/\/www.confere.org.br\/wordpress\/wp-json\/wp\/v2\/comments?post=12740"}],"version-history":[{"count":3,"href":"https:\/\/www.confere.org.br\/wordpress\/wp-json\/wp\/v2\/posts\/12740\/revisions"}],"predecessor-version":[{"id":12748,"href":"https:\/\/www.confere.org.br\/wordpress\/wp-json\/wp\/v2\/posts\/12740\/revisions\/12748"}],"wp:featuredmedia":[{"embeddable":true,"href":"https:\/\/www.confere.org.br\/wordpress\/wp-json\/wp\/v2\/media\/12741"}],"wp:attachment":[{"href":"https:\/\/www.confere.org.br\/wordpress\/wp-json\/wp\/v2\/media?parent=12740"}],"wp:term":[{"taxonomy":"category","embeddable":true,"href":"https:\/\/www.confere.org.br\/wordpress\/wp-json\/wp\/v2\/categories?post=12740"},{"taxonomy":"post_tag","embeddable":true,"href":"https:\/\/www.confere.org.br\/wordpress\/wp-json\/wp\/v2\/tags?post=12740"}],"curies":[{"name":"wp","href":"https:\/\/api.w.org\/{rel}","templated":true}]}}