{"id":12843,"date":"2024-02-05T13:38:28","date_gmt":"2024-02-05T16:38:28","guid":{"rendered":"https:\/\/www.confere.org.br\/wordpress\/?p=12843"},"modified":"2024-02-05T13:39:10","modified_gmt":"2024-02-05T16:39:10","slug":"2024-resolucao-n-2-105-2024","status":"publish","type":"post","link":"https:\/\/www.confere.org.br\/wordpress\/2024-resolucao-n-2-105-2024\/","title":{"rendered":"2024 &#8211; Resolu\u00e7\u00e3o n\u00b0 2.105"},"content":{"rendered":"\n<p>Nomea\u00e7\u00e3o de substituto para a&nbsp; Comiss\u00e3o Eleitoral do pleito para <br>composi\u00e7\u00e3o do Core-GO.<\/p>\n<p><a href=\"https:\/\/www.confere.org.br\/wordpress\/wp-content\/uploads\/2024\/02\/CORE-GO-SUBSTITUICAO-C-ELEITORAL.pdf\">https:\/\/www.confere.org.br\/wordpress\/wp-content\/uploads\/2024\/02\/CORE-GO-SUBSTITUICAO-C-ELEITORAL.pdf<\/a><\/p>\n\n\n","protected":false},"excerpt":{"rendered":"<p>2.105, Resolu\u00e7\u00e3o, https:\/\/www.confere.org.br\/wordpress\/wp-content\/uploads\/2024\/02\/CORE-GO-SUBSTITUICAO-C-ELEITORAL.pdf<\/p>\n","protected":false},"author":3,"featured_media":0,"comment_status":"closed","ping_status":"closed","sticky":false,"template":"","format":"standard","meta":[],"categories":[52],"tags":[],"_links":{"self":[{"href":"https:\/\/www.confere.org.br\/wordpress\/wp-json\/wp\/v2\/posts\/12843"}],"collection":[{"href":"https:\/\/www.confere.org.br\/wordpress\/wp-json\/wp\/v2\/posts"}],"about":[{"href":"https:\/\/www.confere.org.br\/wordpress\/wp-json\/wp\/v2\/types\/post"}],"author":[{"embeddable":true,"href":"https:\/\/www.confere.org.br\/wordpress\/wp-json\/wp\/v2\/users\/3"}],"replies":[{"embeddable":true,"href":"https:\/\/www.confere.org.br\/wordpress\/wp-json\/wp\/v2\/comments?post=12843"}],"version-history":[{"count":2,"href":"https:\/\/www.confere.org.br\/wordpress\/wp-json\/wp\/v2\/posts\/12843\/revisions"}],"predecessor-version":[{"id":12845,"href":"https:\/\/www.confere.org.br\/wordpress\/wp-json\/wp\/v2\/posts\/12843\/revisions\/12845"}],"wp:attachment":[{"href":"https:\/\/www.confere.org.br\/wordpress\/wp-json\/wp\/v2\/media?parent=12843"}],"wp:term":[{"taxonomy":"category","embeddable":true,"href":"https:\/\/www.confere.org.br\/wordpress\/wp-json\/wp\/v2\/categories?post=12843"},{"taxonomy":"post_tag","embeddable":true,"href":"https:\/\/www.confere.org.br\/wordpress\/wp-json\/wp\/v2\/tags?post=12843"}],"curies":[{"name":"wp","href":"https:\/\/api.w.org\/{rel}","templated":true}]}}