{"id":12847,"date":"2024-02-06T16:07:45","date_gmt":"2024-02-06T19:07:45","guid":{"rendered":"https:\/\/www.confere.org.br\/wordpress\/?p=12847"},"modified":"2024-02-06T16:08:57","modified_gmt":"2024-02-06T19:08:57","slug":"core-ce-representantes-comerciais-sao-homenageados-em-sessao-solene-na-assembleia-legislativa","status":"publish","type":"post","link":"https:\/\/www.confere.org.br\/wordpress\/core-ce-representantes-comerciais-sao-homenageados-em-sessao-solene-na-assembleia-legislativa\/","title":{"rendered":"Core-CE: Representantes comerciais s\u00e3o homenageados em Sess\u00e3o Solene na Assembleia Legislativa"},"content":{"rendered":"\n<p>O deputado estadual S\u00e9rgio Aguiar, autor do Projeto de Lei que estabelece o Dia Estadual do Representante Comercial, parabenizou os profissionais pelo seu talento e habilidades na arte das vendas. <strong><em>\u201cTodos voc\u00eas s\u00e3o vitoriosos, este reconhecimento veio principalmente a partir da Lei de n\u00b0 18.123 de minha autoria que instituiu o 8 de fevereiro como o Dia Estadual do Representante Comercial e que passou a fazer parte do Calend\u00e1rio Oficial de Eventos e datas comemorativas no Estado do Cear\u00e1\u201d,<\/em><\/strong> destacou o deputado.<\/p>\n<p>O presidente do Conselho Regional dos Representantes Comerciais no Estado do Cear\u00e1 (Core-CE), Francisco Philomeno J\u00fanior, expressou a relev\u00e2ncia do evento para todos os profissionais cearenses, reconhecendo o \u00e1rduo trabalho, dedica\u00e7\u00e3o e comprometimento que impulsionam o crescimento econ\u00f4mico e constroem um futuro pr\u00f3spero.<strong><em>\u201c \u00c9 com imenso respeito que valorizamos o trabalho \u00e1rduo e a dedica\u00e7\u00e3o que voc\u00eas demonstram todos os dias. Voc\u00eas s\u00e3o verdadeiros guerreiros do com\u00e9rcio, enfrentando desafios, superando obst\u00e1culos e buscando constantemente novas oportunidades. Sua determina\u00e7\u00e3o e persist\u00eancia s\u00e3o inspiradoras\u201d,<\/em><\/strong>\u00a0declarou.\u00a0\u00a0<\/p>\n<p>A solenidade contou com a presen\u00e7a do diretor-presidente do Confere, Archimedes Cavalcanti J\u00fanior, destacando a essencialidade do representante comercial para o Brasil, impulsionando vendas e neg\u00f3cios, e com o presidente do Sirecom Cear\u00e1, Luiz Jos\u00e9 de Menezes e Sousa, ressaltando a import\u00e2ncia da categoria para o estado e o pa\u00eds. O deputado federal e assessor especial de assuntos municipais Artur Bruno, representando o Governador do Estado Elmano de Freitas, tamb\u00e9m enfatizou a relev\u00e2ncia dos representantes comerciais para a economia do Cear\u00e1.<\/p>\n<p><img src=\"https:\/\/corece.org.br\/novo\/wp-content\/uploads\/2024\/02\/Foto-334-1024x684.jpg\" \/><\/p>\n<p>Durante a solenidade, foram homenageadas diversas empresas, como\u00a0<strong>WALMA COM\u00c9RCIO E REPRESENTA\u00c7\u00d5ES LTDA<\/strong>, registrada no Core-CE h\u00e1 57 anos, representada por\u00a0<strong>Cleia Maria Mota Lima<\/strong>,\u00a0<strong>J. TAVARES NETO COM\u00c9RCIO E REPRESENTA\u00c7\u00d5ES LTDA<\/strong>, registrada no Core-CE h\u00e1 43 anos, representada por<strong>\u00a0Jacob Tavares Neto<\/strong>,\u00a0<strong>MARCAS L\u00cdDERES REPRESENTACOES LTDA<\/strong>,\u00a0 registrada no Core-CE h\u00e1 42 anos, representada por\u00a0<strong>Pedro Jorge Meira de Vasconcelos<\/strong>,\u00a0\u00a0<strong>REPRESENTA\u00c7\u00d5ES PAULO EDBERTO LTDA<\/strong>, registrada no Core-CE h\u00e1 40 anos, representada por\u00a0<strong>Paulo Edberto de Souza<\/strong>\u00a0e o Representante Comercial\u00a0<strong>LAURO FERREIRA LIMA<\/strong>, registrado no Core-CE h\u00e1 49 anos.<\/p>\n<p><img class=\"wp-image-28328\" src=\"https:\/\/corece.org.br\/novo\/wp-content\/uploads\/2024\/02\/Foto-270-1024x684.jpg\" sizes=\"(max-width: 1024px) 100vw, 1024px\" srcset=\"https:\/\/corece.org.br\/novo\/wp-content\/uploads\/2024\/02\/Foto-270-1024x684.jpg 1024w, https:\/\/corece.org.br\/novo\/wp-content\/uploads\/2024\/02\/Foto-270-300x200.jpg 300w, https:\/\/corece.org.br\/novo\/wp-content\/uploads\/2024\/02\/Foto-270-768x513.jpg 768w, https:\/\/corece.org.br\/novo\/wp-content\/uploads\/2024\/02\/Foto-270-1536x1025.jpg 1536w, https:\/\/corece.org.br\/novo\/wp-content\/uploads\/2024\/02\/Foto-270-2048x1367.jpg 2048w\" alt=\"\" width=\"1024\" height=\"684\" \/><\/p>\n<div class=\"wp-block-image\">\n<figure class=\"aligncenter size-large is-resized\"><img class=\"wp-image-28329\" src=\"https:\/\/corece.org.br\/novo\/wp-content\/uploads\/2024\/02\/Foto-297-1024x684.jpg\" sizes=\"(max-width: 1024px) 100vw, 1024px\" srcset=\"https:\/\/corece.org.br\/novo\/wp-content\/uploads\/2024\/02\/Foto-297-1024x684.jpg 1024w, https:\/\/corece.org.br\/novo\/wp-content\/uploads\/2024\/02\/Foto-297-300x200.jpg 300w, https:\/\/corece.org.br\/novo\/wp-content\/uploads\/2024\/02\/Foto-297-768x513.jpg 768w, https:\/\/corece.org.br\/novo\/wp-content\/uploads\/2024\/02\/Foto-297-1536x1025.jpg 1536w, https:\/\/corece.org.br\/novo\/wp-content\/uploads\/2024\/02\/Foto-297-2048x1367.jpg 2048w\" alt=\"\" width=\"1024\" height=\"684\" \/><\/figure>\n<\/div>\n<div class=\"wp-block-image\">\n<figure class=\"aligncenter size-large is-resized\"><img class=\"wp-image-28330\" src=\"https:\/\/corece.org.br\/novo\/wp-content\/uploads\/2024\/02\/Foto-291-1024x684.jpg\" sizes=\"(max-width: 1024px) 100vw, 1024px\" srcset=\"https:\/\/corece.org.br\/novo\/wp-content\/uploads\/2024\/02\/Foto-291-1024x684.jpg 1024w, https:\/\/corece.org.br\/novo\/wp-content\/uploads\/2024\/02\/Foto-291-300x200.jpg 300w, https:\/\/corece.org.br\/novo\/wp-content\/uploads\/2024\/02\/Foto-291-768x513.jpg 768w, https:\/\/corece.org.br\/novo\/wp-content\/uploads\/2024\/02\/Foto-291-1536x1025.jpg 1536w, https:\/\/corece.org.br\/novo\/wp-content\/uploads\/2024\/02\/Foto-291-2048x1367.jpg 2048w\" alt=\"\" width=\"1024\" height=\"684\" \/><\/figure>\n<\/div>\n<div class=\"wp-block-image\">\n<figure class=\"aligncenter size-large is-resized\"><img class=\"wp-image-28331\" src=\"https:\/\/corece.org.br\/novo\/wp-content\/uploads\/2024\/02\/Foto-304-1024x684.jpg\" sizes=\"(max-width: 1024px) 100vw, 1024px\" srcset=\"https:\/\/corece.org.br\/novo\/wp-content\/uploads\/2024\/02\/Foto-304-1024x684.jpg 1024w, https:\/\/corece.org.br\/novo\/wp-content\/uploads\/2024\/02\/Foto-304-300x200.jpg 300w, https:\/\/corece.org.br\/novo\/wp-content\/uploads\/2024\/02\/Foto-304-768x513.jpg 768w, https:\/\/corece.org.br\/novo\/wp-content\/uploads\/2024\/02\/Foto-304-1536x1025.jpg 1536w, https:\/\/corece.org.br\/novo\/wp-content\/uploads\/2024\/02\/Foto-304-2048x1367.jpg 2048w\" alt=\"\" width=\"1024\" height=\"684\" \/><\/figure>\n<\/div>\n<div class=\"wp-block-image\">\n<figure class=\"aligncenter size-large is-resized\"><img class=\"wp-image-28332\" src=\"https:\/\/corece.org.br\/novo\/wp-content\/uploads\/2024\/02\/Foto-282-1024x684.jpg\" sizes=\"(max-width: 1024px) 100vw, 1024px\" srcset=\"https:\/\/corece.org.br\/novo\/wp-content\/uploads\/2024\/02\/Foto-282-1024x684.jpg 1024w, https:\/\/corece.org.br\/novo\/wp-content\/uploads\/2024\/02\/Foto-282-300x200.jpg 300w, https:\/\/corece.org.br\/novo\/wp-content\/uploads\/2024\/02\/Foto-282-768x513.jpg 768w, https:\/\/corece.org.br\/novo\/wp-content\/uploads\/2024\/02\/Foto-282-1536x1025.jpg 1536w, https:\/\/corece.org.br\/novo\/wp-content\/uploads\/2024\/02\/Foto-282-2048x1367.jpg 2048w\" alt=\"\" width=\"1024\" height=\"684\" \/><\/figure>\n<\/div>\n<p>Ap\u00f3s a Sess\u00e3o Solene, o Presidente do Core-CE, Philomeno J\u00fanior, inaugurou a exposi\u00e7\u00e3o intitulada\u00a0<strong>\u201cDo Caixeiro Viajante \u00e0 Representa\u00e7\u00e3o Comercial\u201d,<\/strong>\u00a0destacando a hist\u00f3ria e as conquistas significativas da representa\u00e7\u00e3o comercial.<\/p>\n<div class=\"wp-block-image\">\n<figure class=\"aligncenter size-large is-resized\"><img class=\"wp-image-28334\" src=\"https:\/\/corece.org.br\/novo\/wp-content\/uploads\/2024\/02\/Foto-18-1024x684.jpg\" sizes=\"(max-width: 1024px) 100vw, 1024px\" srcset=\"https:\/\/corece.org.br\/novo\/wp-content\/uploads\/2024\/02\/Foto-18-1024x684.jpg 1024w, https:\/\/corece.org.br\/novo\/wp-content\/uploads\/2024\/02\/Foto-18-300x200.jpg 300w, https:\/\/corece.org.br\/novo\/wp-content\/uploads\/2024\/02\/Foto-18-768x513.jpg 768w, https:\/\/corece.org.br\/novo\/wp-content\/uploads\/2024\/02\/Foto-18-1536x1025.jpg 1536w, https:\/\/corece.org.br\/novo\/wp-content\/uploads\/2024\/02\/Foto-18-2048x1367.jpg 2048w\" alt=\"\" width=\"1024\" height=\"684\" \/><\/figure>\n<\/div>\n<p>\u00a0<\/p>\n<p>Fonte: Core-CE<\/p>\n<div class=\"wp-block-image\">\u00a0<\/div>\n","protected":false},"excerpt":{"rendered":"<p>Em uma noite de reconhecimento e valoriza\u00e7\u00e3o da categoria, cinco representantes comerciais foram homenageados em Sess\u00e3o Solene,  realizada no dia 05 de fevereiro, na Assembleia Legislativa do Estado do Cear\u00e1, para celebrar o Dia Estadual do Representante Comercial.<\/p>\n","protected":false},"author":3,"featured_media":12848,"comment_status":"closed","ping_status":"closed","sticky":false,"template":"","format":"standard","meta":[],"categories":[34,49,17],"tags":[],"_links":{"self":[{"href":"https:\/\/www.confere.org.br\/wordpress\/wp-json\/wp\/v2\/posts\/12847"}],"collection":[{"href":"https:\/\/www.confere.org.br\/wordpress\/wp-json\/wp\/v2\/posts"}],"about":[{"href":"https:\/\/www.confere.org.br\/wordpress\/wp-json\/wp\/v2\/types\/post"}],"author":[{"embeddable":true,"href":"https:\/\/www.confere.org.br\/wordpress\/wp-json\/wp\/v2\/users\/3"}],"replies":[{"embeddable":true,"href":"https:\/\/www.confere.org.br\/wordpress\/wp-json\/wp\/v2\/comments?post=12847"}],"version-history":[{"count":2,"href":"https:\/\/www.confere.org.br\/wordpress\/wp-json\/wp\/v2\/posts\/12847\/revisions"}],"predecessor-version":[{"id":12850,"href":"https:\/\/www.confere.org.br\/wordpress\/wp-json\/wp\/v2\/posts\/12847\/revisions\/12850"}],"wp:featuredmedia":[{"embeddable":true,"href":"https:\/\/www.confere.org.br\/wordpress\/wp-json\/wp\/v2\/media\/12848"}],"wp:attachment":[{"href":"https:\/\/www.confere.org.br\/wordpress\/wp-json\/wp\/v2\/media?parent=12847"}],"wp:term":[{"taxonomy":"category","embeddable":true,"href":"https:\/\/www.confere.org.br\/wordpress\/wp-json\/wp\/v2\/categories?post=12847"},{"taxonomy":"post_tag","embeddable":true,"href":"https:\/\/www.confere.org.br\/wordpress\/wp-json\/wp\/v2\/tags?post=12847"}],"curies":[{"name":"wp","href":"https:\/\/api.w.org\/{rel}","templated":true}]}}