{"id":12851,"date":"2024-02-08T11:31:21","date_gmt":"2024-02-08T14:31:21","guid":{"rendered":"https:\/\/www.confere.org.br\/wordpress\/?p=12851"},"modified":"2024-02-08T11:31:22","modified_gmt":"2024-02-08T14:31:22","slug":"anuidade-em-fevereiro-tem-desconto-de-15","status":"publish","type":"post","link":"https:\/\/www.confere.org.br\/wordpress\/anuidade-em-fevereiro-tem-desconto-de-15\/","title":{"rendered":"Anuidade em fevereiro tem desconto de 15%"},"content":{"rendered":"\n<p>Entre em contato com o<a href=\"https:\/\/www.confere.org.br\/enderecos.php\">\u00a0Conselho Regional<\/a> ao qual voc\u00ea est\u00e1 registrado e solicite o seu boleto, caso ainda n\u00e3o o tenha recebido.<\/p>\n<p>De acordo com a Lei n\u00ba 4.886\/65, o pagamento da anuidade dever\u00e1 ser efetuado pelo representante comercial, pessoa f\u00edsica ou jur\u00eddica, at\u00e9 o dia 31 de mar\u00e7o de cada ano, com desconto de 10% (dez por cento), ou em at\u00e9 tr\u00eas parcelas, sem descontos, vencendo-se a primeira em 30 de abril, a segunda em 31 de agosto e a terceira em 31 de dezembro de cada ano. \u00a0<\/p>\n<p>Ao pagamento antecipado ser\u00e1 concedido desconto de 20% (vinte por cento) at\u00e9 31 de janeiro e 15% (quinze por cento) at\u00e9 28 de fevereiro de cada ano.<\/p>\n<p>As anuidades que forem pagas ap\u00f3s o vencimento ser\u00e3o acrescidas de 2% (dois por cento) de multa, 1% (um por cento) de juros de mora por m\u00eas de atraso e atualiza\u00e7\u00e3o monet\u00e1ria pelo \u00edndice oficial de pre\u00e7os ao consumidor.<\/p>\n<p>Seja parte ativa da comunidade de profissionais da Representa\u00e7\u00e3o Comercial comprometidos e garanta um 2024 repleto de sucesso e realiza\u00e7\u00f5es.<\/p>\n","protected":false},"excerpt":{"rendered":"<p>Garanta 15% de desconto na anuidade deste ano realizando o pagamento at\u00e9 28 de fevereiro. <\/p>\n","protected":false},"author":3,"featured_media":12852,"comment_status":"closed","ping_status":"closed","sticky":false,"template":"","format":"standard","meta":[],"categories":[34,49,17],"tags":[],"_links":{"self":[{"href":"https:\/\/www.confere.org.br\/wordpress\/wp-json\/wp\/v2\/posts\/12851"}],"collection":[{"href":"https:\/\/www.confere.org.br\/wordpress\/wp-json\/wp\/v2\/posts"}],"about":[{"href":"https:\/\/www.confere.org.br\/wordpress\/wp-json\/wp\/v2\/types\/post"}],"author":[{"embeddable":true,"href":"https:\/\/www.confere.org.br\/wordpress\/wp-json\/wp\/v2\/users\/3"}],"replies":[{"embeddable":true,"href":"https:\/\/www.confere.org.br\/wordpress\/wp-json\/wp\/v2\/comments?post=12851"}],"version-history":[{"count":1,"href":"https:\/\/www.confere.org.br\/wordpress\/wp-json\/wp\/v2\/posts\/12851\/revisions"}],"predecessor-version":[{"id":12853,"href":"https:\/\/www.confere.org.br\/wordpress\/wp-json\/wp\/v2\/posts\/12851\/revisions\/12853"}],"wp:featuredmedia":[{"embeddable":true,"href":"https:\/\/www.confere.org.br\/wordpress\/wp-json\/wp\/v2\/media\/12852"}],"wp:attachment":[{"href":"https:\/\/www.confere.org.br\/wordpress\/wp-json\/wp\/v2\/media?parent=12851"}],"wp:term":[{"taxonomy":"category","embeddable":true,"href":"https:\/\/www.confere.org.br\/wordpress\/wp-json\/wp\/v2\/categories?post=12851"},{"taxonomy":"post_tag","embeddable":true,"href":"https:\/\/www.confere.org.br\/wordpress\/wp-json\/wp\/v2\/tags?post=12851"}],"curies":[{"name":"wp","href":"https:\/\/api.w.org\/{rel}","templated":true}]}}