{"id":12869,"date":"2024-02-15T11:04:40","date_gmt":"2024-02-15T14:04:40","guid":{"rendered":"https:\/\/www.confere.org.br\/wordpress\/?p=12869"},"modified":"2024-02-15T11:04:43","modified_gmt":"2024-02-15T14:04:43","slug":"setor-de-servicos-avanca-23-em-2023-revela-o-ibge","status":"publish","type":"post","link":"https:\/\/www.confere.org.br\/wordpress\/setor-de-servicos-avanca-23-em-2023-revela-o-ibge\/","title":{"rendered":"Setor de servi\u00e7os avan\u00e7a 2,3% em 2023, revela o IBGE"},"content":{"rendered":"\n<p>Os servi\u00e7os cresceram 2,3% em 2023 no terceiro ano seguido de expans\u00e3o do setor. Em dezembro passado, o volume de servi\u00e7os no Brasil avan\u00e7ou 0,3%, sendo o segundo resultado positivo consecutivo. O acumulado nos dois \u00faltimos meses do ano representou avan\u00e7o de 1,2%, o que permitiu a recupera\u00e7\u00e3o de parte da perda de 2,1% anotada entre agosto e outubro.<img src=\"https:\/\/agenciabrasil.ebc.com.br\/ebc.png?id=1580347&amp;o=node\" \/><img src=\"https:\/\/agenciabrasil.ebc.com.br\/ebc.gif?id=1580347&amp;o=node\" \/><\/p>\n<p>Em rela\u00e7\u00e3o a dezembro de 2022 os servi\u00e7os apresentaram recuo de 2,0%, que \u00e9 o mais intenso desde janeiro de 2021, quando houve queda de 5,0%. No acumulado dos \u00faltimos 12 meses, os servi\u00e7os diminu\u00edram o ritmo. Eles apresentaram recuo na magnitude de crescimento de 3,1% em novembro para 2,3% em dezembro de 2023. Os n\u00fameros fazem parte da Pesquisa Mensal de Servi\u00e7os (PMS), divulgada nesta sexta-feira (9), no Rio de Janeiro, pelo Instituto Brasileiro de Geografia e Estat\u00edstica (IBGE).<\/p>\n<p>A s\u00e9rie hist\u00f3rica mostrou que, com a alta de 0,3% de dezembro, o setor de servi\u00e7os ficou 11,7% acima do n\u00edvel pr\u00e9-pandemia, em fevereiro de 2020, e 1,7% abaixo do ponto mais alto da s\u00e9rie em dezembro de 2022.<\/p>\n<p>Para o IBGE, a \u00faltima vez que o setor de servi\u00e7os registrou crescimento por tr\u00eas anos consecutivos foi entre 2012 e 2014. Naquele momento, houve ganho de 11,3%. No tri\u00eanio atual &#8211; de 2021 a 2023 &#8211; a evolu\u00e7\u00e3o foi ainda mais expressiva: avan\u00e7o de 22,9%. O IBGE informou, tamb\u00e9m, que o crescimento de 2,3% registrado em 2023 foi o menos intenso da sequ\u00eancia. Em 2021, a alta ficou em 10,9% e em 8,3% em 2022.<\/p>\n<p>Segundo o gerente da pesquisa, Rodrigo Lobo, em 2021 e 2022 houve a constru\u00e7\u00e3o de uma base de compara\u00e7\u00e3o elevada, que pode ser explicada tanto pela retomada do setor ap\u00f3s o per\u00edodo de isolamento da pandemia de covid-19, como, sobretudo, por conta dos ganhos extraordin\u00e1rios dos segmentos de servi\u00e7os de tecnologia da informa\u00e7\u00e3o e o do transporte de cargas.<\/p>\n<p>\u201cDessa forma, apresentar expans\u00e3o sobre dois anos que cresceram substancialmente \u00e9 algo relevante\u201d, informou o IBGE.<\/p>\n<h2>Atividades<\/h2>\n<p>Quatro das cinco atividades da Pesquisa Mensal de Servi\u00e7os tiveram taxas positivas em 2023. A pesquisa apontou ainda que 55,4% dos 166 tipos de servi\u00e7os analisados tiveram crescimento. Os destaques ficaram por conta dos servi\u00e7os de informa\u00e7\u00e3o e comunica\u00e7\u00e3o (3,4%) e de profissionais, administrativos e complementares (3,7%).<\/p>\n<p>\u201cNo primeiro, os principais impactos foram do aumento das receitas das empresas que atuam nos segmentos de telecomunica\u00e7\u00f5es; desenvolvimento e licenciamento de\u00a0<em>softwares<\/em>; desenvolvimento de programas de computador sob encomenda; tratamentos de dados, provedores de servi\u00e7os de aplica\u00e7\u00e3o e servi\u00e7os de hospedagem na internet; e portais, provedores de conte\u00fado e outros servi\u00e7os de informa\u00e7\u00e3o na Internet\u201d, detalhou o IBGE.<\/p>\n<p>A expans\u00e3o de loca\u00e7\u00e3o de autom\u00f3veis; de servi\u00e7os de engenharia; de cobran\u00e7as e informa\u00e7\u00f5es cadastrais; de atividades de intermedia\u00e7\u00e3o de neg\u00f3cios em geral; e de ag\u00eancias de viagens favoreceu o resultado dos servi\u00e7os profissionais, administrativos e complementares.<\/p>\n<p>\u201cAtividades que se fortaleceram no contexto do p\u00f3s-pandemia colocaram o setor de servi\u00e7os em patamares elevados. Houve, por exemplo, aumentos consider\u00e1veis nos servi\u00e7os voltados \u00e0s empresas, notadamente os servi\u00e7os de TI [tecnologia da informa\u00e7\u00e3o]\u201d, observou o gerente.<\/p>\n<p>Neste contexto, ele ressaltou o transporte rodovi\u00e1rio de carga, que influenciou o avan\u00e7o de 1,5% nas atividades de servi\u00e7os de transportes, servi\u00e7os auxiliares aos transportes e Correios. \u201c\u00c9 um segmento que cresceu, num primeiro momento na esteira do aumento do com\u00e9rcio eletr\u00f4nico e que ganhou novos impulsos com a expans\u00e3o da produ\u00e7\u00e3o agr\u00edcola, na medida em que se cria a necessidade de transporte de insumos, como adubos e fertilizantes, al\u00e9m de operar o pr\u00f3prio escoamento da colheita\u201d, explicou.<\/p>\n<h2>Fam\u00edlias<\/h2>\n<p>Os servi\u00e7os prestados \u00e0s fam\u00edlias registraram alta de 4,7% e fecharam as atividades em expans\u00e3o. \u00danico a ter resultado negativo, o setor de outros servi\u00e7os apresentou retra\u00e7\u00e3o de 1,8%. O motivo foi a menor receita vinda de servi\u00e7os financeiros auxiliares; administra\u00e7\u00e3o de fundos por contrato ou comiss\u00e3o; corretoras de t\u00edtulos e valores mobili\u00e1rios; e administra\u00e7\u00e3o de bolsas e mercados de balc\u00e3o.<\/p>\n<p>Para o pesquisador, o resultado de 2023 seguiu a tend\u00eancia observada em 2022. \u201cCom a retomada p\u00f3s-isolamento da pandemia, h\u00e1 uma redistribui\u00e7\u00e3o da renda dispon\u00edvel das fam\u00edlias, com redu\u00e7\u00e3o das aplica\u00e7\u00f5es financeiras e aumento do consumo de bens e servi\u00e7os, que estavam mais represados nos per\u00edodos de maior incerteza\u201d, disse.<\/p>\n<h2>Estados<\/h2>\n<p>Das 27 unidades da federa\u00e7\u00e3o, 25 tiveram eleva\u00e7\u00e3o na receita real de servi\u00e7os, sendo os resultados positivos em Minas Gerais (7,7%), Paran\u00e1 (11,2%), Rio de Janeiro (3,3%), Mato Grosso (16,4%), Santa Catarina (8,0%) e Rio Grande do Sul (4,4%). As quedas foram anotadas em S\u00e3o Paulo (-1,8%) e Amap\u00e1 (-2,2%).<\/p>\n<p>Pela primeira vez, o setor de servi\u00e7os prestados \u00e0 fam\u00edlia ultrapassou o patamar pr\u00e9-pandemia em dezembro de 2023. Essa era a \u00fanica atividade da pesquisa que ainda n\u00e3o havia conseguido esse desempenho. Em dezembro, houve alta de 3,5% e, com isso, os servi\u00e7os prestados \u00e0s fam\u00edlias passaram a ficar no maior n\u00edvel desde fevereiro de 2016.<\/p>\n<p>\u201c\u00c9 um setor que veio, pouco a pouco, eliminando as perdas da pandemia. Houve uma mudan\u00e7a na configura\u00e7\u00e3o das atividades. Os servi\u00e7os de aplicativos de entrega, por exemplo, acabaram se apropriando de uma parte das receitas dos restaurantes, havendo, assim, uma transfer\u00eancia de receita entre dois setores do setor de servi\u00e7os\u201d, exemplifica Lobo.<\/p>\n<p>Apesar da retomada em bom ritmo da atividade tur\u00edstica, que auxilia a melhora do setor de alojamento e alimenta\u00e7\u00e3o, fundamental para a atividade de servi\u00e7os prestados \u00e0s fam\u00edlias, o retorno ainda gradativo ao trabalho presencial ou h\u00edbrido tamb\u00e9m explica o ritmo mais lento de retomada.<\/p>\n<p>\u201cAinda h\u00e1 um grande contingente de pessoas trabalhando de maneira remota, o que ajuda a transferir receita dos servi\u00e7os (restaurantes) para o com\u00e9rcio (supermercado), por exemplo\u201d, relatou Lobo.<\/p>\n<h2>Alta nos transportes<\/h2>\n<p>Os setores de transportes tamb\u00e9m foram destaque com a alta de 1,3%. O resultado interrompe uma sequ\u00eancia de campos negativos seguidos, que resultou em perda acumulada de 5,4%. Em movimento contr\u00e1rio, com varia\u00e7\u00e3o de 0,2%, a atividade de servi\u00e7os de informa\u00e7\u00e3o e comunica\u00e7\u00e3o teve a terceira taxa positiva seguida. O ganho acumulado ficou em 1,8%. As quedas foram notadas em servi\u00e7os profissionais, administrativos e complementares (-1,7%) e os outros servi\u00e7os (-1,2%).<\/p>\n<p>Tamb\u00e9m em dezembro, 18 das 27 unidades da federa\u00e7\u00e3o acusaram crescimento. \u201cA alta mais importante veio de S\u00e3o Paulo (0,6%), seguido por Distrito Federal (2,8%), Santa Catarina (1,8%) e Paran\u00e1 (0,8%). Em contrapartida, Rio de Janeiro (-2,6%), seguido por Minas Gerais (-1,4%), Mato Grosso (-2,6%) e Mato Grosso do Sul (-4,1%) foram as principais quedas\u201d, informou o IBGE.<\/p>\n<p>Na compara\u00e7\u00e3o de dezembro de 2023 com dezembro de 2022, a pesquisa mostrou evolu\u00e7\u00e3o de 1,4%, sendo a 33\u00aa taxa positiva seguida.<\/p>\n<h2>Indicadores<\/h2>\n<p>Para o IBGE, a Pesquisa Mensal de Servi\u00e7os produz indicadores para o Brasil, o que permite acompanhar o comportamento conjuntural do setor de servi\u00e7os no pa\u00eds.<\/p>\n<p>Nas an\u00e1lises, os pesquisadores investigam \u201ca receita bruta de servi\u00e7os nas empresas formalmente constitu\u00eddas, com 20 ou mais pessoas ocupadas, que desempenham como principal atividade um servi\u00e7o n\u00e3o financeiro, exclu\u00eddas as \u00e1reas de sa\u00fade e educa\u00e7\u00e3o\u201d. A pr\u00f3xima divulga\u00e7\u00e3o do estudo &#8211; referente a janeiro de 2024 &#8211; ser\u00e1 feita no dia15 de mar\u00e7o pr\u00f3ximo.<\/p>\n<p>Fonte: Ag\u00eancia Brasil<\/p>\n","protected":false},"excerpt":{"rendered":"<p>Segmento fica 11,7% acima do n\u00edvel pr\u00e9-pandemia<\/p>\n","protected":false},"author":3,"featured_media":7634,"comment_status":"closed","ping_status":"closed","sticky":false,"template":"","format":"standard","meta":[],"categories":[2],"tags":[],"_links":{"self":[{"href":"https:\/\/www.confere.org.br\/wordpress\/wp-json\/wp\/v2\/posts\/12869"}],"collection":[{"href":"https:\/\/www.confere.org.br\/wordpress\/wp-json\/wp\/v2\/posts"}],"about":[{"href":"https:\/\/www.confere.org.br\/wordpress\/wp-json\/wp\/v2\/types\/post"}],"author":[{"embeddable":true,"href":"https:\/\/www.confere.org.br\/wordpress\/wp-json\/wp\/v2\/users\/3"}],"replies":[{"embeddable":true,"href":"https:\/\/www.confere.org.br\/wordpress\/wp-json\/wp\/v2\/comments?post=12869"}],"version-history":[{"count":1,"href":"https:\/\/www.confere.org.br\/wordpress\/wp-json\/wp\/v2\/posts\/12869\/revisions"}],"predecessor-version":[{"id":12870,"href":"https:\/\/www.confere.org.br\/wordpress\/wp-json\/wp\/v2\/posts\/12869\/revisions\/12870"}],"wp:featuredmedia":[{"embeddable":true,"href":"https:\/\/www.confere.org.br\/wordpress\/wp-json\/wp\/v2\/media\/7634"}],"wp:attachment":[{"href":"https:\/\/www.confere.org.br\/wordpress\/wp-json\/wp\/v2\/media?parent=12869"}],"wp:term":[{"taxonomy":"category","embeddable":true,"href":"https:\/\/www.confere.org.br\/wordpress\/wp-json\/wp\/v2\/categories?post=12869"},{"taxonomy":"post_tag","embeddable":true,"href":"https:\/\/www.confere.org.br\/wordpress\/wp-json\/wp\/v2\/tags?post=12869"}],"curies":[{"name":"wp","href":"https:\/\/api.w.org\/{rel}","templated":true}]}}