{"id":12874,"date":"2024-02-15T13:12:52","date_gmt":"2024-02-15T16:12:52","guid":{"rendered":"https:\/\/www.confere.org.br\/wordpress\/?p=12874"},"modified":"2024-02-15T13:14:55","modified_gmt":"2024-02-15T16:14:55","slug":"core-rs-capacitacao-do-corpo-funcional","status":"publish","type":"post","link":"https:\/\/www.confere.org.br\/wordpress\/core-rs-capacitacao-do-corpo-funcional\/","title":{"rendered":"Core-RS: capacita\u00e7\u00e3o do corpo funcional"},"content":{"rendered":"\n<p>Nos dias 14, 15 e 16 de fevereiro, o Core-RS est\u00e1 recebendo a equipe dos Neg\u00f3cios P\u00fablicos, visando a qualifica\u00e7\u00e3o t\u00e9cnica dos colaboradores da Entidade, realizando Curso InCompany &#8211; Planejamento, Condu\u00e7\u00e3o e Contratos Administrativos, conforme a NLLC, no regime contratual na Lei 14.133\/2021 &#8211; Lei da Licita\u00e7\u00e3o.<\/p>\n<p><img class=\"alignnone size-full wp-image-12878\" src=\"https:\/\/www.confere.org.br\/wordpress\/wp-content\/uploads\/2024\/02\/Image-9.jpg\" alt=\"\" width=\"1024\" height=\"682\" srcset=\"https:\/\/www.confere.org.br\/wordpress\/wp-content\/uploads\/2024\/02\/Image-9.jpg 1024w, https:\/\/www.confere.org.br\/wordpress\/wp-content\/uploads\/2024\/02\/Image-9-300x200.jpg 300w, https:\/\/www.confere.org.br\/wordpress\/wp-content\/uploads\/2024\/02\/Image-9-768x512.jpg 768w\" sizes=\"(max-width: 1024px) 100vw, 1024px\" \/><\/p>\n","protected":false},"excerpt":{"rendered":"<p>Atualiza\u00e7\u00e3o sobre a nova Lei de Licita\u00e7\u00f5es<\/p>\n","protected":false},"author":3,"featured_media":12875,"comment_status":"closed","ping_status":"closed","sticky":false,"template":"","format":"standard","meta":[],"categories":[34,49,17],"tags":[],"_links":{"self":[{"href":"https:\/\/www.confere.org.br\/wordpress\/wp-json\/wp\/v2\/posts\/12874"}],"collection":[{"href":"https:\/\/www.confere.org.br\/wordpress\/wp-json\/wp\/v2\/posts"}],"about":[{"href":"https:\/\/www.confere.org.br\/wordpress\/wp-json\/wp\/v2\/types\/post"}],"author":[{"embeddable":true,"href":"https:\/\/www.confere.org.br\/wordpress\/wp-json\/wp\/v2\/users\/3"}],"replies":[{"embeddable":true,"href":"https:\/\/www.confere.org.br\/wordpress\/wp-json\/wp\/v2\/comments?post=12874"}],"version-history":[{"count":2,"href":"https:\/\/www.confere.org.br\/wordpress\/wp-json\/wp\/v2\/posts\/12874\/revisions"}],"predecessor-version":[{"id":12879,"href":"https:\/\/www.confere.org.br\/wordpress\/wp-json\/wp\/v2\/posts\/12874\/revisions\/12879"}],"wp:featuredmedia":[{"embeddable":true,"href":"https:\/\/www.confere.org.br\/wordpress\/wp-json\/wp\/v2\/media\/12875"}],"wp:attachment":[{"href":"https:\/\/www.confere.org.br\/wordpress\/wp-json\/wp\/v2\/media?parent=12874"}],"wp:term":[{"taxonomy":"category","embeddable":true,"href":"https:\/\/www.confere.org.br\/wordpress\/wp-json\/wp\/v2\/categories?post=12874"},{"taxonomy":"post_tag","embeddable":true,"href":"https:\/\/www.confere.org.br\/wordpress\/wp-json\/wp\/v2\/tags?post=12874"}],"curies":[{"name":"wp","href":"https:\/\/api.w.org\/{rel}","templated":true}]}}