{"id":12880,"date":"2024-02-16T10:14:29","date_gmt":"2024-02-16T13:14:29","guid":{"rendered":"https:\/\/www.confere.org.br\/wordpress\/?p=12880"},"modified":"2024-02-16T10:25:52","modified_gmt":"2024-02-16T13:25:52","slug":"core-pr-prestara-atendimento-juridico-em-londrina","status":"publish","type":"post","link":"https:\/\/www.confere.org.br\/wordpress\/core-pr-prestara-atendimento-juridico-em-londrina\/","title":{"rendered":"Core-PR prestar\u00e1 atendimento jur\u00eddico em Londrina"},"content":{"rendered":"\n<p>No dia 20\/02\/24, o Departamento Jur\u00eddico do Core-PR estar\u00e1 na cidade de Londrina, oferecendo atendimento exclusivo aos representantes comerciais. Agende j\u00e1 o seu hor\u00e1rio e esclare\u00e7a suas d\u00favidas sobre quest\u00f5es legais e trabalhistas!<\/p>\n<p><a href=\"https:\/\/www.corepr.org.br\/\">Clique aqui para mais informa\u00e7\u00f5es.<\/a><\/p>\n","protected":false},"excerpt":{"rendered":"<p>Para agendar, envie um e-mail para londrina@corepr.org.br<\/p>\n","protected":false},"author":3,"featured_media":12881,"comment_status":"closed","ping_status":"closed","sticky":false,"template":"","format":"standard","meta":[],"categories":[34,49,17],"tags":[],"_links":{"self":[{"href":"https:\/\/www.confere.org.br\/wordpress\/wp-json\/wp\/v2\/posts\/12880"}],"collection":[{"href":"https:\/\/www.confere.org.br\/wordpress\/wp-json\/wp\/v2\/posts"}],"about":[{"href":"https:\/\/www.confere.org.br\/wordpress\/wp-json\/wp\/v2\/types\/post"}],"author":[{"embeddable":true,"href":"https:\/\/www.confere.org.br\/wordpress\/wp-json\/wp\/v2\/users\/3"}],"replies":[{"embeddable":true,"href":"https:\/\/www.confere.org.br\/wordpress\/wp-json\/wp\/v2\/comments?post=12880"}],"version-history":[{"count":2,"href":"https:\/\/www.confere.org.br\/wordpress\/wp-json\/wp\/v2\/posts\/12880\/revisions"}],"predecessor-version":[{"id":12890,"href":"https:\/\/www.confere.org.br\/wordpress\/wp-json\/wp\/v2\/posts\/12880\/revisions\/12890"}],"wp:featuredmedia":[{"embeddable":true,"href":"https:\/\/www.confere.org.br\/wordpress\/wp-json\/wp\/v2\/media\/12881"}],"wp:attachment":[{"href":"https:\/\/www.confere.org.br\/wordpress\/wp-json\/wp\/v2\/media?parent=12880"}],"wp:term":[{"taxonomy":"category","embeddable":true,"href":"https:\/\/www.confere.org.br\/wordpress\/wp-json\/wp\/v2\/categories?post=12880"},{"taxonomy":"post_tag","embeddable":true,"href":"https:\/\/www.confere.org.br\/wordpress\/wp-json\/wp\/v2\/tags?post=12880"}],"curies":[{"name":"wp","href":"https:\/\/api.w.org\/{rel}","templated":true}]}}