{"id":12883,"date":"2024-02-16T10:21:10","date_gmt":"2024-02-16T13:21:10","guid":{"rendered":"https:\/\/www.confere.org.br\/wordpress\/?p=12883"},"modified":"2024-02-16T10:23:31","modified_gmt":"2024-02-16T13:23:31","slug":"core-ma-realiza-atendimento-em-caxias","status":"publish","type":"post","link":"https:\/\/www.confere.org.br\/wordpress\/core-ma-realiza-atendimento-em-caxias\/","title":{"rendered":"Core-MA realiza atendimento em Caxias"},"content":{"rendered":"\n<ul>\n<li><span class=\"ui-provider a b c d e f g h i j k l m n o p q r s t u v w x y z ab ac ae af ag ah ai aj ak\" dir=\"ltr\">Aproveite esta oportunidade para:<br \/><br \/>Realizar abertura e encerramento de registros <br \/>Negociar d\u00e9bitos\u00a0 <br \/>Emitir carteiras profissionais <br \/>Emitir certid\u00f5es de registros <br \/>Esclarecer d\u00favidas <br \/>E muito mais!<br \/><br \/>Esperamos por todos no Hotel Eldorado<br \/>Av. Alexandre Costa, N. 3500. Vila Lob\u00e3o. Caxias (MA) &#8211; CEP: 65600-970<br \/><\/span><\/li>\n<\/ul>\n<p><a href=\"https:\/\/www.coremaranhao.org.br\">Clique aqui para mais informa\u00e7\u00f5es.<\/a><\/p>\n","protected":false},"excerpt":{"rendered":"<p>De 26 de fevereiro a 1\u00b0 de mar\u00e7o, o Core-MA estar\u00e1 no munic\u00edpio de Caxias para a pr\u00f3xima edi\u00e7\u00e3o do Core Itinerante.<\/p>\n","protected":false},"author":3,"featured_media":12884,"comment_status":"closed","ping_status":"closed","sticky":false,"template":"","format":"standard","meta":[],"categories":[34,49,17],"tags":[],"_links":{"self":[{"href":"https:\/\/www.confere.org.br\/wordpress\/wp-json\/wp\/v2\/posts\/12883"}],"collection":[{"href":"https:\/\/www.confere.org.br\/wordpress\/wp-json\/wp\/v2\/posts"}],"about":[{"href":"https:\/\/www.confere.org.br\/wordpress\/wp-json\/wp\/v2\/types\/post"}],"author":[{"embeddable":true,"href":"https:\/\/www.confere.org.br\/wordpress\/wp-json\/wp\/v2\/users\/3"}],"replies":[{"embeddable":true,"href":"https:\/\/www.confere.org.br\/wordpress\/wp-json\/wp\/v2\/comments?post=12883"}],"version-history":[{"count":3,"href":"https:\/\/www.confere.org.br\/wordpress\/wp-json\/wp\/v2\/posts\/12883\/revisions"}],"predecessor-version":[{"id":12889,"href":"https:\/\/www.confere.org.br\/wordpress\/wp-json\/wp\/v2\/posts\/12883\/revisions\/12889"}],"wp:featuredmedia":[{"embeddable":true,"href":"https:\/\/www.confere.org.br\/wordpress\/wp-json\/wp\/v2\/media\/12884"}],"wp:attachment":[{"href":"https:\/\/www.confere.org.br\/wordpress\/wp-json\/wp\/v2\/media?parent=12883"}],"wp:term":[{"taxonomy":"category","embeddable":true,"href":"https:\/\/www.confere.org.br\/wordpress\/wp-json\/wp\/v2\/categories?post=12883"},{"taxonomy":"post_tag","embeddable":true,"href":"https:\/\/www.confere.org.br\/wordpress\/wp-json\/wp\/v2\/tags?post=12883"}],"curies":[{"name":"wp","href":"https:\/\/api.w.org\/{rel}","templated":true}]}}