{"id":12891,"date":"2024-02-16T10:42:32","date_gmt":"2024-02-16T13:42:32","guid":{"rendered":"https:\/\/www.confere.org.br\/wordpress\/?p=12891"},"modified":"2025-01-15T13:48:41","modified_gmt":"2025-01-15T16:48:41","slug":"dispensa-eletronica-no-90-003-2024-contratacao-de-grafica-para-impressao-de-cartilha","status":"publish","type":"post","link":"https:\/\/www.confere.org.br\/wordpress\/dispensa-eletronica-no-90-003-2024-contratacao-de-grafica-para-impressao-de-cartilha\/","title":{"rendered":"Dispensa Eletr\u00f4nica n\u00ba 90.003\/2024 &#8211; Contrata\u00e7\u00e3o de Gr\u00e1fica para Impress\u00e3o de Cartilha"},"content":{"rendered":"\n<ul data-editing-info=\"{&quot;orderedStyleType&quot;:1,&quot;unorderedStyleType&quot;:1}\">\n<li>\n<div class=\"x_elementToProof\"><a href=\"https:\/\/www.confere.org.br\/wordpress\/wp-content\/uploads\/2024\/02\/TR_cartilhas_a.pdf\">Termo de Refer\u00eancia<\/a><\/div>\n<\/li>\n<li>\n<div class=\"x_elementToProof\">Link PNCP:<a id=\"LPlnk\" class=\"x_OWAAutoLink\" href=\"https:\/\/pncp.gov.br\/app\/editais\/34046367000168\/2024\/4\" target=\"_blank\" rel=\"noopener noreferrer\" data-auth=\"NotApplicable\" data-loopstyle=\"linkonly\" data-linkindex=\"0\"> https:\/\/pncp.gov.br\/app\/editais\/34046367000168\/2024\/4<\/a><\/div>\n<div class=\"x__Entity x__EType_OWALinkPreview x__EId_OWALinkPreview x__EReadonly_1\">\u00a0<\/div>\n<a href=\"https:\/\/www.confere.org.br\/wordpress\/wp-content\/uploads\/2024\/02\/DESPACHO_TR_CARTILHA_II_assinado_editad.pdf\">Autoriza\u00e7\u00e3o do Ordenador de Despesa<\/a><\/li>\n<li>\n<div class=\"x_elementToProof\">Data da sess\u00e3o: 21\/02\/2024<\/div>\n<\/li>\n<li>\n<div class=\"x_elementToProof\">16\/04\/2024\u00a0&#8211; <a href=\"https:\/\/www.confere.org.br\/wordpress\/wp-content\/uploads\/2024\/06\/relatorio-Dispensa-Eletronica-no-90003.2024-Contratacao-de-Grafica-para-Impressao-de-Cartilha.pdf\">RELAT\u00d3RIO HOMOLOGADO<\/a><\/div>\n<\/li>\n<\/ul>\n","protected":false},"excerpt":{"rendered":"<p>Termo de Refer\u00eancia Link PNCP: https:\/\/pncp.gov.br\/app\/editais\/34046367000168\/2024\/4 \u00a0 Autoriza\u00e7\u00e3o do Ordenador de Despesa Data da sess\u00e3o: 21\/02\/2024 16\/04\/2024\u00a0&#8211; RELAT\u00d3RIO HOMOLOGADO<\/p>\n","protected":false},"author":3,"featured_media":0,"comment_status":"closed","ping_status":"closed","sticky":false,"template":"","format":"standard","meta":[],"categories":[60],"tags":[],"_links":{"self":[{"href":"https:\/\/www.confere.org.br\/wordpress\/wp-json\/wp\/v2\/posts\/12891"}],"collection":[{"href":"https:\/\/www.confere.org.br\/wordpress\/wp-json\/wp\/v2\/posts"}],"about":[{"href":"https:\/\/www.confere.org.br\/wordpress\/wp-json\/wp\/v2\/types\/post"}],"author":[{"embeddable":true,"href":"https:\/\/www.confere.org.br\/wordpress\/wp-json\/wp\/v2\/users\/3"}],"replies":[{"embeddable":true,"href":"https:\/\/www.confere.org.br\/wordpress\/wp-json\/wp\/v2\/comments?post=12891"}],"version-history":[{"count":4,"href":"https:\/\/www.confere.org.br\/wordpress\/wp-json\/wp\/v2\/posts\/12891\/revisions"}],"predecessor-version":[{"id":13722,"href":"https:\/\/www.confere.org.br\/wordpress\/wp-json\/wp\/v2\/posts\/12891\/revisions\/13722"}],"wp:attachment":[{"href":"https:\/\/www.confere.org.br\/wordpress\/wp-json\/wp\/v2\/media?parent=12891"}],"wp:term":[{"taxonomy":"category","embeddable":true,"href":"https:\/\/www.confere.org.br\/wordpress\/wp-json\/wp\/v2\/categories?post=12891"},{"taxonomy":"post_tag","embeddable":true,"href":"https:\/\/www.confere.org.br\/wordpress\/wp-json\/wp\/v2\/tags?post=12891"}],"curies":[{"name":"wp","href":"https:\/\/api.w.org\/{rel}","templated":true}]}}