{"id":13014,"date":"2024-03-07T10:59:50","date_gmt":"2024-03-07T13:59:50","guid":{"rendered":"https:\/\/www.confere.org.br\/wordpress\/?p=13014"},"modified":"2025-01-15T13:48:03","modified_gmt":"2025-01-15T16:48:03","slug":"dispensa-eletronica-no-90-004-2024-contratacao-de-empresa-especializada-em-transporte-de-veiculos","status":"publish","type":"post","link":"https:\/\/www.confere.org.br\/wordpress\/dispensa-eletronica-no-90-004-2024-contratacao-de-empresa-especializada-em-transporte-de-veiculos\/","title":{"rendered":"Dispensa Eletr\u00f4nica n\u00ba 90.004\/2024 &#8211; Contrata\u00e7\u00e3o de Empresa Especializada em Transporte de Ve\u00edculos"},"content":{"rendered":"\n<ul data-editing-info=\"{&quot;orderedStyleType&quot;:1,&quot;unorderedStyleType&quot;:1}\">\n<li>\n<div class=\"x_elementToProof\"><a href=\"https:\/\/www.confere.org.br\/wordpress\/wp-content\/uploads\/2024\/03\/TR_TRANSPORTE_.pdf\">Termo de Refer\u00eancia<\/a><\/div>\n<\/li>\n<li>\n<div class=\"x_elementToProof\">Link PNCP: <a href=\"https:\/\/pncp.gov.br\/app\/editais\/34046367000168\/2024\/5\">https:\/\/pncp.gov.br\/app\/editais\/34046367000168\/2024\/5<\/a><\/div>\n<\/li>\n<li>\n<div><a href=\"https:\/\/www.confere.org.br\/wordpress\/wp-content\/uploads\/2024\/03\/DESPACHO_TR_TRANSP_VEICULAR_a.pdf\">Autoriza\u00e7\u00e3o do Ordenador de Despesa<\/a><\/div>\n<\/li>\n<li>\n<div class=\"x_elementToProof\">Data da sess\u00e3o: 12\/03\/2024.<\/div>\n<\/li>\n<li><a href=\"https:\/\/www.confere.org.br\/wordpress\/wp-content\/uploads\/2024\/03\/relatorio-dispensa-38904706900042024-1-1.pdf\">21\/03\/2024 &#8211; RELAT\u00d3RIO\u00a0HOMOLOGADO<\/a><\/li>\n<\/ul>\n","protected":false},"excerpt":{"rendered":"<p>Termo de Refer\u00eancia Link PNCP: https:\/\/pncp.gov.br\/app\/editais\/34046367000168\/2024\/5 Autoriza\u00e7\u00e3o do Ordenador de Despesa Data da sess\u00e3o: 12\/03\/2024. 21\/03\/2024 &#8211; RELAT\u00d3RIO\u00a0HOMOLOGADO<\/p>\n","protected":false},"author":7,"featured_media":0,"comment_status":"closed","ping_status":"closed","sticky":false,"template":"","format":"standard","meta":[],"categories":[60],"tags":[],"_links":{"self":[{"href":"https:\/\/www.confere.org.br\/wordpress\/wp-json\/wp\/v2\/posts\/13014"}],"collection":[{"href":"https:\/\/www.confere.org.br\/wordpress\/wp-json\/wp\/v2\/posts"}],"about":[{"href":"https:\/\/www.confere.org.br\/wordpress\/wp-json\/wp\/v2\/types\/post"}],"author":[{"embeddable":true,"href":"https:\/\/www.confere.org.br\/wordpress\/wp-json\/wp\/v2\/users\/7"}],"replies":[{"embeddable":true,"href":"https:\/\/www.confere.org.br\/wordpress\/wp-json\/wp\/v2\/comments?post=13014"}],"version-history":[{"count":3,"href":"https:\/\/www.confere.org.br\/wordpress\/wp-json\/wp\/v2\/posts\/13014\/revisions"}],"predecessor-version":[{"id":13251,"href":"https:\/\/www.confere.org.br\/wordpress\/wp-json\/wp\/v2\/posts\/13014\/revisions\/13251"}],"wp:attachment":[{"href":"https:\/\/www.confere.org.br\/wordpress\/wp-json\/wp\/v2\/media?parent=13014"}],"wp:term":[{"taxonomy":"category","embeddable":true,"href":"https:\/\/www.confere.org.br\/wordpress\/wp-json\/wp\/v2\/categories?post=13014"},{"taxonomy":"post_tag","embeddable":true,"href":"https:\/\/www.confere.org.br\/wordpress\/wp-json\/wp\/v2\/tags?post=13014"}],"curies":[{"name":"wp","href":"https:\/\/api.w.org\/{rel}","templated":true}]}}