{"id":13141,"date":"2024-03-15T16:59:19","date_gmt":"2024-03-15T19:59:19","guid":{"rendered":"https:\/\/www.confere.org.br\/wordpress\/?p=13141"},"modified":"2025-01-15T13:46:36","modified_gmt":"2025-01-15T16:46:36","slug":"dispensa-eletronica-no-90007-2024-aquisicao-e-instalacao-de-ar-condicionado","status":"publish","type":"post","link":"https:\/\/www.confere.org.br\/wordpress\/dispensa-eletronica-no-90007-2024-aquisicao-e-instalacao-de-ar-condicionado\/","title":{"rendered":"Dispensa Eletr\u00f4nica n\u00ba 90007\/2024\u00a0&#8211;\u00a0Aquisi\u00e7\u00e3o e instala\u00e7\u00e3o de ar-condicionado"},"content":{"rendered":"\n\n\n<ul data-editing-info=\"{&quot;orderedStyleType&quot;:1,&quot;unorderedStyleType&quot;:1}\">\n<li>\n<div><a href=\"https:\/\/www.confere.org.br\/wordpress\/wp-content\/uploads\/2024\/03\/TR-Instalacao-e-Ar-Condicionado-Split.pdf\">Termo de Refer\u00eancia<\/a><\/div>\n<\/li>\n<li>\n<div class=\"x_elementToProof\">Link PNCP:\u00a0<a id=\"LPlnk492091\" class=\"x_OWAAutoLink\" href=\"https:\/\/pncp.gov.br\/app\/editais\/34046367000168\/2024\/7\" target=\"_blank\" rel=\"noopener noreferrer\" data-auth=\"NotApplicable\" data-loopstyle=\"linkonly\" data-linkindex=\"0\">https:\/\/pncp.gov.br\/app\/editais\/34046367000168\/2024\/7<\/a><\/div>\n<\/li>\n<li>\n<div><a href=\"https:\/\/www.confere.org.br\/wordpress\/wp-content\/uploads\/2024\/03\/Autorizacao-do-Ordenador-de-Despesa.pdf\">Autoriza\u00e7\u00e3o do Ordenador de Despesa<\/a><\/div>\n<\/li>\n<li>\n<div class=\"x_elementToProof\">Data da sess\u00e3o: 21\/03\/2024<\/div>\n<\/li>\n<li>\n<div class=\"x_elementToProof\"><a href=\"https:\/\/www.confere.org.br\/wordpress\/wp-content\/uploads\/2024\/04\/relatorio-dispensa-38904706900072024.pdf\">05\/04\/2024 &#8211; RELAT\u00d3RIO HOMOLOGADO<\/a><\/div>\n<div>\u00a0<\/div>\n<\/li>\n<\/ul>\n","protected":false},"excerpt":{"rendered":"<p>Termo de Refer\u00eancia Link PNCP:\u00a0https:\/\/pncp.gov.br\/app\/editais\/34046367000168\/2024\/7 Autoriza\u00e7\u00e3o do Ordenador de Despesa Data da sess\u00e3o: 21\/03\/2024 05\/04\/2024 &#8211; RELAT\u00d3RIO HOMOLOGADO \u00a0<\/p>\n","protected":false},"author":3,"featured_media":0,"comment_status":"closed","ping_status":"closed","sticky":false,"template":"","format":"standard","meta":[],"categories":[60],"tags":[],"_links":{"self":[{"href":"https:\/\/www.confere.org.br\/wordpress\/wp-json\/wp\/v2\/posts\/13141"}],"collection":[{"href":"https:\/\/www.confere.org.br\/wordpress\/wp-json\/wp\/v2\/posts"}],"about":[{"href":"https:\/\/www.confere.org.br\/wordpress\/wp-json\/wp\/v2\/types\/post"}],"author":[{"embeddable":true,"href":"https:\/\/www.confere.org.br\/wordpress\/wp-json\/wp\/v2\/users\/3"}],"replies":[{"embeddable":true,"href":"https:\/\/www.confere.org.br\/wordpress\/wp-json\/wp\/v2\/comments?post=13141"}],"version-history":[{"count":2,"href":"https:\/\/www.confere.org.br\/wordpress\/wp-json\/wp\/v2\/posts\/13141\/revisions"}],"predecessor-version":[{"id":13325,"href":"https:\/\/www.confere.org.br\/wordpress\/wp-json\/wp\/v2\/posts\/13141\/revisions\/13325"}],"wp:attachment":[{"href":"https:\/\/www.confere.org.br\/wordpress\/wp-json\/wp\/v2\/media?parent=13141"}],"wp:term":[{"taxonomy":"category","embeddable":true,"href":"https:\/\/www.confere.org.br\/wordpress\/wp-json\/wp\/v2\/categories?post=13141"},{"taxonomy":"post_tag","embeddable":true,"href":"https:\/\/www.confere.org.br\/wordpress\/wp-json\/wp\/v2\/tags?post=13141"}],"curies":[{"name":"wp","href":"https:\/\/api.w.org\/{rel}","templated":true}]}}