{"id":13145,"date":"2024-03-18T09:06:06","date_gmt":"2024-03-18T12:06:06","guid":{"rendered":"https:\/\/www.confere.org.br\/wordpress\/?p=13145"},"modified":"2026-04-29T12:26:41","modified_gmt":"2026-04-29T15:26:41","slug":"processo-administrativo-de-licitacao-no-08-2023-pregao-eletronico-90-001-2024-contratacao-de-empresa-para-prestacao-de-servico-de-meios-de-pagamento","status":"publish","type":"post","link":"https:\/\/www.confere.org.br\/wordpress\/processo-administrativo-de-licitacao-no-08-2023-pregao-eletronico-90-001-2024-contratacao-de-empresa-para-prestacao-de-servico-de-meios-de-pagamento\/","title":{"rendered":"Processo Administrativo de Licita\u00e7\u00e3o n\u00ba 08\/2023 &#8211; Preg\u00e3o Eletr\u00f4nico 90.001\/2024 &#8211; Contrata\u00e7\u00e3o de empresa para presta\u00e7\u00e3o de servi\u00e7o de meios de pagamento"},"content":{"rendered":"\n\n\n<p><a href=\"https:\/\/www.confere.org.br\/wordpress\/wp-content\/uploads\/2024\/03\/Aviso-de-Licitacao-Meios-de-Pagamento-DOU-1.pdf\">Aviso de Licita\u00e7\u00e3o &#8211; publicado no DOU<\/a><\/p>\n<p><a href=\"https:\/\/www.confere.org.br\/wordpress\/wp-content\/uploads\/2024\/03\/EDITAL-Meios-de-Pagamento-CONFERE-Publicacao.pdf\">Edital &#8211; Preg\u00e3o 90.001\/2024<\/a><\/p>\n<p><b>Link do PNCP :\u00a0<a id=\"LPlnk\" class=\"x_OWAAutoLink\" href=\"https:\/\/pncp.gov.br\/app\/editais\/34046367000168\/2024\/8\" target=\"_blank\" rel=\"noopener noreferrer\" data-auth=\"NotApplicable\" data-linkindex=\"0\">https:\/\/pncp.gov.br\/app\/editais\/34046367000168\/2024\/8<\/a><\/b><\/p>\n<ul>\n<li>\n<div class=\"x_elementToProof\"><a href=\"https:\/\/www.confere.org.br\/wordpress\/wp-content\/uploads\/2024\/08\/RELATORIO-TERMO-DE-JULGAMENTO.pdf\"><b>Relat\u00f3rio &#8211; Termo de Julgamento e habilita\u00e7\u00e3o<\/b><\/a><\/div>\n<\/li>\n<li>\n<div class=\"x_elementToProof\"><a href=\"https:\/\/www.confere.org.br\/wordpress\/wp-content\/uploads\/2024\/08\/RELATORIO-TERMO-DE-HOMOLOGACAO.pdf\"><b>Relat\u00f3rio &#8211; Termo de homologa\u00e7\u00e3o<\/b><\/a><\/div>\n<\/li>\n<li>\n<div class=\"x_elementToProof\"><a href=\"https:\/\/www.confere.org.br\/wordpress\/wp-content\/uploads\/2024\/08\/SEI_0004089_Parecer.pdf\"><b>Parecer da Procuradoria Geral n\u00ba 057\/2024<\/b><\/a><\/div>\n<\/li>\n<li><strong>Link de acesso \u00e0 Ata de Registro de Pre\u00e7os no PNCP:<\/strong>\u00a0<a id=\"LPlnk\" href=\"https:\/\/pncp.gov.br\/app\/atas\/34046367000168\/2024\/8\/1\" target=\"_blank\" rel=\"noopener noreferrer\" data-auth=\"NotApplicable\" data-linkindex=\"0\">https:\/\/pncp.gov.br\/app\/atas\/34046367000168\/2024\/8\/1<\/a><\/li>\n<li><a href=\"https:\/\/www.confere.org.br\/wordpress\/wp-content\/uploads\/2026\/04\/2_Aditivo_BRFibra_2026_CONFERE_CT_08.2026_assinado_assinado_tarjado.pdf\"><strong>Segundo Termo Aditivo<\/strong><\/a><\/li>\n<\/ul>\n","protected":false},"excerpt":{"rendered":"<p>Aviso de Licita\u00e7\u00e3o &#8211; publicado no DOU Edital &#8211; Preg\u00e3o 90.001\/2024 Link do PNCP :\u00a0https:\/\/pncp.gov.br\/app\/editais\/34046367000168\/2024\/8 Relat\u00f3rio &#8211; Termo de Julgamento e habilita\u00e7\u00e3o Relat\u00f3rio &#8211; Termo de homologa\u00e7\u00e3o Parecer da Procuradoria Geral n\u00ba 057\/2024 Link de acesso \u00e0 Ata de Registro de Pre\u00e7os no PNCP:\u00a0https:\/\/pncp.gov.br\/app\/atas\/34046367000168\/2024\/8\/1 Segundo Termo Aditivo<\/p>\n","protected":false},"author":3,"featured_media":0,"comment_status":"closed","ping_status":"closed","sticky":false,"template":"","format":"standard","meta":[],"categories":[32],"tags":[],"_links":{"self":[{"href":"https:\/\/www.confere.org.br\/wordpress\/wp-json\/wp\/v2\/posts\/13145"}],"collection":[{"href":"https:\/\/www.confere.org.br\/wordpress\/wp-json\/wp\/v2\/posts"}],"about":[{"href":"https:\/\/www.confere.org.br\/wordpress\/wp-json\/wp\/v2\/types\/post"}],"author":[{"embeddable":true,"href":"https:\/\/www.confere.org.br\/wordpress\/wp-json\/wp\/v2\/users\/3"}],"replies":[{"embeddable":true,"href":"https:\/\/www.confere.org.br\/wordpress\/wp-json\/wp\/v2\/comments?post=13145"}],"version-history":[{"count":4,"href":"https:\/\/www.confere.org.br\/wordpress\/wp-json\/wp\/v2\/posts\/13145\/revisions"}],"predecessor-version":[{"id":18997,"href":"https:\/\/www.confere.org.br\/wordpress\/wp-json\/wp\/v2\/posts\/13145\/revisions\/18997"}],"wp:attachment":[{"href":"https:\/\/www.confere.org.br\/wordpress\/wp-json\/wp\/v2\/media?parent=13145"}],"wp:term":[{"taxonomy":"category","embeddable":true,"href":"https:\/\/www.confere.org.br\/wordpress\/wp-json\/wp\/v2\/categories?post=13145"},{"taxonomy":"post_tag","embeddable":true,"href":"https:\/\/www.confere.org.br\/wordpress\/wp-json\/wp\/v2\/tags?post=13145"}],"curies":[{"name":"wp","href":"https:\/\/api.w.org\/{rel}","templated":true}]}}