{"id":13179,"date":"2024-03-21T11:16:14","date_gmt":"2024-03-21T14:16:14","guid":{"rendered":"https:\/\/www.confere.org.br\/wordpress\/?p=13179"},"modified":"2025-01-15T13:46:09","modified_gmt":"2025-01-15T16:46:09","slug":"dispensa-eletronica-no-90006-2024-servicos-de-transporte-de-equipamentos-de-informatica","status":"publish","type":"post","link":"https:\/\/www.confere.org.br\/wordpress\/dispensa-eletronica-no-90006-2024-servicos-de-transporte-de-equipamentos-de-informatica\/","title":{"rendered":"Dispensa Eletr\u00f4nica n\u00ba 90006\/2024\u00a0&#8211; Servi\u00e7os de transporte de equipamentos de inform\u00e1tica"},"content":{"rendered":"\n<ul data-editing-info=\"{&quot;orderedStyleType&quot;:1,&quot;unorderedStyleType&quot;:1}\">\n<li>\n<div><a href=\"https:\/\/www.confere.org.br\/wordpress\/wp-content\/uploads\/2024\/03\/Termo_de_Referencia-Transporte-de-equipamentos-de-informatica.pdf\">Termo de Refer\u00eancia<\/a><\/div>\n<\/li>\n<li><a href=\"https:\/\/www.confere.org.br\/wordpress\/wp-content\/uploads\/2024\/03\/Anexo-I-TR.pdf\">Anexo I<\/a><\/li>\n<li><a href=\"https:\/\/www.confere.org.br\/wordpress\/wp-content\/uploads\/2024\/03\/Anexo-II-TR.pdf\">Anexo II<\/a><\/li>\n<li><a href=\"https:\/\/www.confere.org.br\/wordpress\/wp-content\/uploads\/2024\/03\/Anexo-III-TR.pdf\">Anexo III<\/a><\/li>\n<li><a href=\"https:\/\/www.confere.org.br\/wordpress\/wp-content\/uploads\/2024\/03\/Regras-Gerais.pdf\">Regras Gerais<\/a><\/li>\n<li>\n<div class=\"x_elementToProof\">Link:<a id=\"LPlnk\" class=\"x_OWAAutoLink\" href=\"https:\/\/pncp.gov.br\/app\/editais\/34046367000168\/2024\/9\" target=\"_blank\" rel=\"noopener noreferrer\" data-auth=\"NotApplicable\" data-linkindex=\"0\">https:\/\/pncp.gov.br\/app\/editais\/34046367000168\/2024\/9<\/a><\/div>\n<\/li>\n<li>\n<div><a href=\"https:\/\/www.confere.org.br\/wordpress\/wp-content\/uploads\/2024\/03\/Autorizacao-do-Ordenador-de-Despesa-1.pdf\">Autoriza\u00e7\u00e3o do Ordenador de Despesa<\/a><\/div>\n<\/li>\n<li>\n<div class=\"x_elementToProof\">Data da sess\u00e3o: 01\/04\/2024<\/div>\n<\/li>\n<li>16\/04\/2024&nbsp;&#8211; <a href=\"https:\/\/www.confere.org.br\/wordpress\/wp-content\/uploads\/2024\/06\/relatorio-Dispensa-Eletronica-no-90006.2024-\u2013-Servicos-de-transporte-de-equipamentos-de-informatica.pdf\">RELAT\u00d3RIO HOMOLOGADO<\/a><\/li>\n<\/ul>\n\n\n","protected":false},"excerpt":{"rendered":"<p>Termo de Refer\u00eancia Anexo I Anexo II Anexo III Regras Gerais Link:https:\/\/pncp.gov.br\/app\/editais\/34046367000168\/2024\/9 Autoriza\u00e7\u00e3o do Ordenador de Despesa Data da sess\u00e3o: 01\/04\/2024 16\/04\/2024&nbsp;&#8211; RELAT\u00d3RIO HOMOLOGADO<\/p>\n","protected":false},"author":3,"featured_media":0,"comment_status":"closed","ping_status":"closed","sticky":false,"template":"","format":"standard","meta":[],"categories":[60],"tags":[],"_links":{"self":[{"href":"https:\/\/www.confere.org.br\/wordpress\/wp-json\/wp\/v2\/posts\/13179"}],"collection":[{"href":"https:\/\/www.confere.org.br\/wordpress\/wp-json\/wp\/v2\/posts"}],"about":[{"href":"https:\/\/www.confere.org.br\/wordpress\/wp-json\/wp\/v2\/types\/post"}],"author":[{"embeddable":true,"href":"https:\/\/www.confere.org.br\/wordpress\/wp-json\/wp\/v2\/users\/3"}],"replies":[{"embeddable":true,"href":"https:\/\/www.confere.org.br\/wordpress\/wp-json\/wp\/v2\/comments?post=13179"}],"version-history":[{"count":5,"href":"https:\/\/www.confere.org.br\/wordpress\/wp-json\/wp\/v2\/posts\/13179\/revisions"}],"predecessor-version":[{"id":15195,"href":"https:\/\/www.confere.org.br\/wordpress\/wp-json\/wp\/v2\/posts\/13179\/revisions\/15195"}],"wp:attachment":[{"href":"https:\/\/www.confere.org.br\/wordpress\/wp-json\/wp\/v2\/media?parent=13179"}],"wp:term":[{"taxonomy":"category","embeddable":true,"href":"https:\/\/www.confere.org.br\/wordpress\/wp-json\/wp\/v2\/categories?post=13179"},{"taxonomy":"post_tag","embeddable":true,"href":"https:\/\/www.confere.org.br\/wordpress\/wp-json\/wp\/v2\/tags?post=13179"}],"curies":[{"name":"wp","href":"https:\/\/api.w.org\/{rel}","templated":true}]}}