{"id":13314,"date":"2024-04-05T14:11:40","date_gmt":"2024-04-05T17:11:40","guid":{"rendered":"https:\/\/www.confere.org.br\/wordpress\/?p=13314"},"modified":"2025-01-15T13:45:10","modified_gmt":"2025-01-15T16:45:10","slug":"dispensa-eletronica-no-90-009-2024-aquisicao-de-computadores-gerencia-comunicacao","status":"publish","type":"post","link":"https:\/\/www.confere.org.br\/wordpress\/dispensa-eletronica-no-90-009-2024-aquisicao-de-computadores-gerencia-comunicacao\/","title":{"rendered":"Dispensa Eletr\u00f4nica N\u00ba 90.009\/2024 &#8211; Aquisi\u00e7\u00e3o de Computadores Ger\u00eancia Comunica\u00e7\u00e3o"},"content":{"rendered":"\n<ul data-editing-info=\"{&quot;orderedStyleType&quot;:1,&quot;unorderedStyleType&quot;:1}\">\n<li>\n<div><a href=\"https:\/\/www.confere.org.br\/wordpress\/wp-content\/uploads\/2024\/04\/TR_computadores_p.pdf\">Termo de Refer\u00eancia<\/a><\/div>\n<\/li>\n<li>\n<div class=\"x_elementToProof\">Link PNCP:\u00a0<a id=\"LPlnk946167\" class=\"x_OWAAutoLink\" href=\"https:\/\/pncp.gov.br\/app\/editais\/34046367000168\/2024\/10\" target=\"_blank\" rel=\"noopener noreferrer\" data-auth=\"NotApplicable\" data-loopstyle=\"linkonly\" data-linkindex=\"0\">https:\/\/pncp.gov.br\/app\/editais\/34046367000168\/2024\/10<\/a><\/div>\n<\/li>\n<li>\n<div><a href=\"https:\/\/www.confere.org.br\/wordpress\/wp-content\/uploads\/2024\/04\/DESPACHO_TR_COMPU.pdf\">Autoriza\u00e7\u00e3o do Ordenador de Despesa<\/a><\/div>\n<\/li>\n<li>\n<div class=\"x_elementToProof\">Data da sess\u00e3o: 10\/04\/2024<\/div>\n<\/li>\n<li>16\/04\/2024\u00a0&#8211; <a href=\"https:\/\/www.confere.org.br\/wordpress\/wp-content\/uploads\/2024\/06\/relatorio-Dispensa-Eletronica-No-90009.2024-Aquisicao-de-Computadores-Gerencia-Comunicacao.pdf\">RELAT\u00d3RIO HOMOLOGADO<\/a><\/li>\n<\/ul>\n<div class=\"x_elementToProof\">\u00a0<\/div>\n","protected":false},"excerpt":{"rendered":"<p>Termo de Refer\u00eancia Link PNCP:\u00a0https:\/\/pncp.gov.br\/app\/editais\/34046367000168\/2024\/10 Autoriza\u00e7\u00e3o do Ordenador de Despesa Data da sess\u00e3o: 10\/04\/2024 16\/04\/2024\u00a0&#8211; RELAT\u00d3RIO HOMOLOGADO \u00a0<\/p>\n","protected":false},"author":7,"featured_media":0,"comment_status":"closed","ping_status":"closed","sticky":false,"template":"","format":"standard","meta":[],"categories":[60],"tags":[],"_links":{"self":[{"href":"https:\/\/www.confere.org.br\/wordpress\/wp-json\/wp\/v2\/posts\/13314"}],"collection":[{"href":"https:\/\/www.confere.org.br\/wordpress\/wp-json\/wp\/v2\/posts"}],"about":[{"href":"https:\/\/www.confere.org.br\/wordpress\/wp-json\/wp\/v2\/types\/post"}],"author":[{"embeddable":true,"href":"https:\/\/www.confere.org.br\/wordpress\/wp-json\/wp\/v2\/users\/7"}],"replies":[{"embeddable":true,"href":"https:\/\/www.confere.org.br\/wordpress\/wp-json\/wp\/v2\/comments?post=13314"}],"version-history":[{"count":3,"href":"https:\/\/www.confere.org.br\/wordpress\/wp-json\/wp\/v2\/posts\/13314\/revisions"}],"predecessor-version":[{"id":16110,"href":"https:\/\/www.confere.org.br\/wordpress\/wp-json\/wp\/v2\/posts\/13314\/revisions\/16110"}],"wp:attachment":[{"href":"https:\/\/www.confere.org.br\/wordpress\/wp-json\/wp\/v2\/media?parent=13314"}],"wp:term":[{"taxonomy":"category","embeddable":true,"href":"https:\/\/www.confere.org.br\/wordpress\/wp-json\/wp\/v2\/categories?post=13314"},{"taxonomy":"post_tag","embeddable":true,"href":"https:\/\/www.confere.org.br\/wordpress\/wp-json\/wp\/v2\/tags?post=13314"}],"curies":[{"name":"wp","href":"https:\/\/api.w.org\/{rel}","templated":true}]}}