{"id":13319,"date":"2024-04-05T14:52:29","date_gmt":"2024-04-05T17:52:29","guid":{"rendered":"https:\/\/www.confere.org.br\/wordpress\/?p=13319"},"modified":"2025-01-15T13:45:41","modified_gmt":"2025-01-15T16:45:41","slug":"dispensa-eletronica-no-90008-2024-contratacao-de-servico-de-instalacao-de-pisos-e-rodapes-no-confere-brasilia","status":"publish","type":"post","link":"https:\/\/www.confere.org.br\/wordpress\/dispensa-eletronica-no-90008-2024-contratacao-de-servico-de-instalacao-de-pisos-e-rodapes-no-confere-brasilia\/","title":{"rendered":"Dispensa Eletr\u00f4nica N\u00ba 90008\/2024 &#8211; Contrata\u00e7\u00e3o de servi\u00e7o de instala\u00e7\u00e3o de pisos e rodap\u00e9s no Confere Bras\u00edlia"},"content":{"rendered":"\n<ul data-editing-info=\"{&quot;orderedStyleType&quot;:1,&quot;unorderedStyleType&quot;:1}\">\n<li>\n<div><a href=\"https:\/\/www.confere.org.br\/wordpress\/wp-content\/uploads\/2024\/04\/TR_INSTALACAO_DE_PISOS_BRASILIA_assinado_assinado.pdf\">Termo de Refer\u00eancia<\/a><\/div>\n<\/li>\n<li>\n<div class=\"x_elementToProof\">Link PNCP:&nbsp;<a id=\"LPlnk\" class=\"x_OWAAutoLink\" href=\"https:\/\/pncp.gov.br\/app\/editais\/34046367000168\/2024\/11\" target=\"_blank\" rel=\"noopener noreferrer\" data-auth=\"NotApplicable\" data-loopstyle=\"linkonly\" data-linkindex=\"0\">https:\/\/pncp.gov.br\/app\/editais\/34046367000168\/2024\/11<\/a><\/div>\n<\/li>\n<li>\n<div><a href=\"https:\/\/www.confere.org.br\/wordpress\/wp-content\/uploads\/2024\/04\/DESPACHO_TR_INSTALACAO_DE_PISOS_assinado_1_editado.pdf\">Autoriza\u00e7\u00e3o do Ordenador de Despesa<\/a><\/div>\n<\/li>\n<li>\n<div class=\"x_elementToProof\">Data da sess\u00e3o: 11\/04\/2024<\/div>\n<\/li>\n<li><a href=\"https:\/\/www.confere.org.br\/wordpress\/wp-content\/uploads\/2024\/07\/relatorio-dispensa-piso-laminado.pdf\">Relat\u00f3rio Homologado<\/a><\/li>\n<\/ul>\n\n\n","protected":false},"excerpt":{"rendered":"<p>Termo de Refer\u00eancia Link PNCP:&nbsp;https:\/\/pncp.gov.br\/app\/editais\/34046367000168\/2024\/11 Autoriza\u00e7\u00e3o do Ordenador de Despesa Data da sess\u00e3o: 11\/04\/2024 Relat\u00f3rio Homologado<\/p>\n","protected":false},"author":7,"featured_media":0,"comment_status":"closed","ping_status":"closed","sticky":false,"template":"","format":"standard","meta":[],"categories":[60],"tags":[],"_links":{"self":[{"href":"https:\/\/www.confere.org.br\/wordpress\/wp-json\/wp\/v2\/posts\/13319"}],"collection":[{"href":"https:\/\/www.confere.org.br\/wordpress\/wp-json\/wp\/v2\/posts"}],"about":[{"href":"https:\/\/www.confere.org.br\/wordpress\/wp-json\/wp\/v2\/types\/post"}],"author":[{"embeddable":true,"href":"https:\/\/www.confere.org.br\/wordpress\/wp-json\/wp\/v2\/users\/7"}],"replies":[{"embeddable":true,"href":"https:\/\/www.confere.org.br\/wordpress\/wp-json\/wp\/v2\/comments?post=13319"}],"version-history":[{"count":3,"href":"https:\/\/www.confere.org.br\/wordpress\/wp-json\/wp\/v2\/posts\/13319\/revisions"}],"predecessor-version":[{"id":13878,"href":"https:\/\/www.confere.org.br\/wordpress\/wp-json\/wp\/v2\/posts\/13319\/revisions\/13878"}],"wp:attachment":[{"href":"https:\/\/www.confere.org.br\/wordpress\/wp-json\/wp\/v2\/media?parent=13319"}],"wp:term":[{"taxonomy":"category","embeddable":true,"href":"https:\/\/www.confere.org.br\/wordpress\/wp-json\/wp\/v2\/categories?post=13319"},{"taxonomy":"post_tag","embeddable":true,"href":"https:\/\/www.confere.org.br\/wordpress\/wp-json\/wp\/v2\/tags?post=13319"}],"curies":[{"name":"wp","href":"https:\/\/api.w.org\/{rel}","templated":true}]}}