{"id":1337,"date":"2019-02-25T10:48:01","date_gmt":"2019-02-25T13:48:01","guid":{"rendered":"http:\/\/www.confere.org.br\/wordpress\/?p=1337"},"modified":"2021-10-11T16:19:45","modified_gmt":"2021-10-11T19:19:45","slug":"nota-de-falecimento-2","status":"publish","type":"post","link":"https:\/\/www.confere.org.br\/wordpress\/nota-de-falecimento-2\/","title":{"rendered":"NOTA DE FALECIMENTO"},"content":{"rendered":"\n<p>O Conselho Federal dos Representantes Comerciais, em nome do Sistema Confere\/Cores, com pesar, comunica o falecimento do senhor Carlos Hamilton Singer, na sexta-feira, 22 de fevereiro de 2019.<br><\/p>\n\n\n\n<p>Carlos Singer iniciou suas atividades profissionais em 1979, no setor de alimentos. Durante d\u00e9cadas trabalhou como representante comercial. Ele era representante da Cerealista Eldorado, com marca pr\u00f3pria Arroz Singer e Tio Singer.<br><\/p>\n\n\n\n<p>Singer faleceu aos 73 anos, era delegado do Confere, diretor-tesoureiro do Conselho Regional dos Representantes Comerciais do Paran\u00e1 (Core-PR) e do Sirecom-PR, e representante das atividades do Com\u00e9rcio de Bens e de Servi\u00e7os do Conselho Regional do Senac-PR.<\/p>\n","protected":false},"excerpt":{"rendered":"<p>O Conselho Federal dos Representantes Comerciais, em nome do Sistema Confere\/Cores, com pesar, comunica o falecimento do senhor Carlos Hamilton Singer, na sexta-feira, 22 de fevereiro de 2019. Carlos Singer iniciou suas atividades profissionais em 1979, no setor de alimentos. Durante d\u00e9cadas trabalhou como representante comercial. Ele era representante da Cerealista Eldorado, com marca pr\u00f3pria &hellip; <\/p>\n<p class=\"link-more\"><a href=\"https:\/\/www.confere.org.br\/wordpress\/nota-de-falecimento-2\/\" class=\"more-link\">Continue lendo<span class=\"screen-reader-text\"> &#8220;NOTA DE FALECIMENTO&#8221;<\/span><\/a><\/p>\n","protected":false},"author":1,"featured_media":1340,"comment_status":"closed","ping_status":"closed","sticky":false,"template":"","format":"standard","meta":[],"categories":[34],"tags":[],"_links":{"self":[{"href":"https:\/\/www.confere.org.br\/wordpress\/wp-json\/wp\/v2\/posts\/1337"}],"collection":[{"href":"https:\/\/www.confere.org.br\/wordpress\/wp-json\/wp\/v2\/posts"}],"about":[{"href":"https:\/\/www.confere.org.br\/wordpress\/wp-json\/wp\/v2\/types\/post"}],"author":[{"embeddable":true,"href":"https:\/\/www.confere.org.br\/wordpress\/wp-json\/wp\/v2\/users\/1"}],"replies":[{"embeddable":true,"href":"https:\/\/www.confere.org.br\/wordpress\/wp-json\/wp\/v2\/comments?post=1337"}],"version-history":[{"count":1,"href":"https:\/\/www.confere.org.br\/wordpress\/wp-json\/wp\/v2\/posts\/1337\/revisions"}],"predecessor-version":[{"id":1342,"href":"https:\/\/www.confere.org.br\/wordpress\/wp-json\/wp\/v2\/posts\/1337\/revisions\/1342"}],"wp:featuredmedia":[{"embeddable":true,"href":"https:\/\/www.confere.org.br\/wordpress\/wp-json\/wp\/v2\/media\/1340"}],"wp:attachment":[{"href":"https:\/\/www.confere.org.br\/wordpress\/wp-json\/wp\/v2\/media?parent=1337"}],"wp:term":[{"taxonomy":"category","embeddable":true,"href":"https:\/\/www.confere.org.br\/wordpress\/wp-json\/wp\/v2\/categories?post=1337"},{"taxonomy":"post_tag","embeddable":true,"href":"https:\/\/www.confere.org.br\/wordpress\/wp-json\/wp\/v2\/tags?post=1337"}],"curies":[{"name":"wp","href":"https:\/\/api.w.org\/{rel}","templated":true}]}}