{"id":13606,"date":"2024-05-24T11:04:21","date_gmt":"2024-05-24T14:04:21","guid":{"rendered":"https:\/\/www.confere.org.br\/wordpress\/?p=13606"},"modified":"2024-05-24T11:04:24","modified_gmt":"2024-05-24T14:04:24","slug":"setor-atacadista-distribuidor-fechou-2023-com-faturamento-de-r-4039-bilhoes","status":"publish","type":"post","link":"https:\/\/www.confere.org.br\/wordpress\/setor-atacadista-distribuidor-fechou-2023-com-faturamento-de-r-4039-bilhoes\/","title":{"rendered":"Setor atacadista distribuidor fechou 2023 com faturamento de R$ 403,9 bilh\u00f5es"},"content":{"rendered":"\n\n\n<p>O atacadista distribuidor brasileiro fechou 2023 com faturamento de R$ 403,9 bilh\u00f5es, a pre\u00e7o de varejo, o que representa crescimento nominal de 10,9% e real de 6,28% com rela\u00e7\u00e3o ao ano anterior, sendo descontada a infla\u00e7\u00e3o oficial pelo IPCA de 4,62%. Os dados s\u00e3o do Ranking ABAD NielsenIQ 2024 &#8211; Ano base 2023, estudo realizado pela ABAD (Associa\u00e7\u00e3o Brasileira de Atacadistas e Distribuidores) em parceria com a consultoria NielsenIQ.<\/p>\n<div>\n<p>Outro ponto importante, segundo o estudo, \u00e9 que esse faturamento representa aproximadamente 52,5% do mercado geral de consumo (que cresceu 9,7% e chegou a um total estimado em R$ 769 bilh\u00f5es de acordo com avalia\u00e7\u00e3o da NielsenIQ), melhor marca desde 2019, cen\u00e1rio pr\u00e9-pandemia quando o percentual atingiu 53%.<\/p>\n<\/div>\n<div>\n<p>Todos os modelos de opera\u00e7\u00e3o apresentaram desempenho positivo. Com crescimento de dois d\u00edgitos (10,8%), o &#8220;distribuidor com entrega&#8221;, que representa 45,6% do faturamento reportado na pesquisa, ganha destaque. Na sequ\u00eancia observa-se tanto o &#8220;atacado generalista com entrega&#8221; quanto o &#8220;atacado generalista de autosservi\u00e7o&#8221;, cujas representatividades est\u00e3o respectivamente em 35,6% e 13,1%, com crescimento de 7,7%. Importante ressaltar que esses dados excluem o maior player, que \u00e9 o Atacad\u00e3o, para ser poss\u00edvel mensurar melhor o segmento.<\/p>\n<\/div>\n<div>\n<p>&#8220;O ano de 2023 foi uma caminhada desafiadora que vencemos com resili\u00eancia e atitude. Conseguimos atingir nossa expectativa de crescimento, o que nos leva a perspectivas positivas para 2024, mesmo sabendo que novos desafios vir\u00e3o&#8221;, comenta Leonardo Miguel Severini, presidente da ABAD.<\/p>\n<\/div>\n<div>\n<p>A expectativa positiva tamb\u00e9m \u00e9 refletida no estudo. Mais da metade das empresas respondentes esperam crescer em n\u00famero de colaboradores, em volume, na base de clientes e no n\u00famero de fornecedores durante 2024.<\/p>\n<\/div>\n<div>\n<p><b>Canal Indireto<\/b><\/p>\n<\/div>\n<div>\n<p>O Ranking ABAD NielsenIQ 2024 &#8211; Ano base 2023 aponta, a representatividade do canal indireto nos segmentos pesquisados do varejo e declara que ele responde por 40% do abastecimento dos grandes supermercados, 45% no ramo de farmacosm\u00e9ticos, 68% em supermercados pequenos, 85% dos bares e dos hot\u00e9is, restaurantes e cafeterias, e 95% do com\u00e9rcio tradicional de atendimento em balc\u00e3o.<\/p>\n<\/div>\n<div>\n<p>Nota-se, ent\u00e3o, que quanto menor o estabelecimento, maior a import\u00e2ncia do canal indireto para os neg\u00f3cios.<\/p>\n<\/div>\n<div>\n<p><b>Representatividade do Ranking<\/b><\/p>\n<\/div>\n<div>\n<p>O Ranking ABAD NielsenIQ analisa anualmente os resultados e a atua\u00e7\u00e3o dos agentes de distribui\u00e7\u00e3o de todo o pa\u00eds, com informa\u00e7\u00f5es relevantes para orientar planos estrat\u00e9gicos e investimentos do canal indireto. Neste ano de 2024, o estudo conquistou aumento de 650 para 740 no n\u00famero de respondentes, o que fortalece a representatividade num\u00e9rica do atacado distribuidor, que chega a 55,2% de participa\u00e7\u00e3o dentro do rol de produtos vendidos pelo varejo ao consumidor.<\/p>\n<\/div>\n<div>\n<p>&#8220;A Associa\u00e7\u00e3o est\u00e1 tendo uma presen\u00e7a mais capilar, ganhando corpo na ess\u00eancia da distribui\u00e7\u00e3o, tanto que chegamos a 740 participantes e crescimento no mercado de consumo&#8221;, comenta Severini.<\/p>\n<\/div>\n<div>\n<p>A maior parte das respondentes (40,3%) se declaram como &#8220;distribuidor com entrega&#8221;, modelo que indica acordo de exclusividade com a ind\u00fastria. Em paralelo, 30,6% identificam seus neg\u00f3cios como &#8220;atacado generalista com entrega&#8221;; 17,2% como &#8220;atacado de balc\u00e3o&#8221;; 7,2% como &#8220;atacado generalista de autosservi\u00e7o&#8221;; e 4,7% como &#8220;agente de servi\u00e7os&#8221;.<\/p>\n<\/div>\n<div>\n<p><img src=\"https:\/\/d3h1nu1oevgs78.cloudfront.net\/summernote\/YUxnF7WfFxYSbRKx8kmpE2uUFFRlUnidX8zhTDOH.jpeg\" \/><\/p>\n<\/div>\n<div>\n<p>\u00a0<\/p>\n<\/div>\n<div>\n<p><b>N\u00fameros por estado e rela\u00e7\u00e3o das 10 maiores empresas do setor em cada estado e em cada regi\u00e3o<\/b><\/p>\n<\/div>\n<div>\n<p>O Atacad\u00e3o, do grupo Carrefour, com faturamento de R$ 79,1 bilh\u00f5es permanece no topo da lista dos maiores do pa\u00eds, tanto no ranking do modelo Atacado de Autosservi\u00e7o quanto no ranking nacional geral, que abrange todos os modelos de atua\u00e7\u00e3o.<\/p>\n<\/div>\n<div>\n<p>O segundo lugar no ranking paulista tamb\u00e9m permanece inalterado, ocupado pela Servimed (R$ 3,46 bilh\u00f5es). A empresa est\u00e1 em quarta coloca\u00e7\u00e3o entre os TOP 10 da regi\u00e3o Sudeste ainda figura em quarta posi\u00e7\u00e3o entre os TOP 10 nacional da modalidade Atacado com Entrega.<\/p>\n<\/div>\n<div>\n<p>De acordo com a pesquisa, o setor na regi\u00e3o Sudeste como um todo responde por faturamento de R$ 128,18 bilh\u00f5es dos R$ 258 bilh\u00f5es apurados pelos respondentes do Ranking (ou 49,68% desse total), com crescimento de 10,75% em rela\u00e7\u00e3o a 2022. Desse total, S\u00e3o Paulo contribuiu com R$ 86,66 bilh\u00f5es, um crescimento de 6% sobre 2022.<\/p>\n<div>\n<p>S\u00e3o da regi\u00e3o Sudeste 125 das 740 empresas respondentes da pesquisa, uma participa\u00e7\u00e3o percentual de 16,89%. S\u00e3o Paulo contribuiu com 12 empresas participantes.<\/p>\n<\/div>\n<div>\n<p>Confira, abaixo, as maiores do setor na regi\u00e3o e no estado:<\/p>\n<\/div>\n<div>\n<p>\u00a0<\/p>\n<\/div>\n<div>\n<p><img src=\"https:\/\/d3h1nu1oevgs78.cloudfront.net\/summernote\/xpcuE5MxJu8E1m0x6EHJrqGYSWaoOtsY6o4i4NJS.jpeg\" \/><\/p>\n<\/div>\n<div>\n<p>\u00a0<\/p>\n<\/div>\n<div>\n<p>*A empresa Guibon Foods aparece nesta classifica\u00e7\u00e3o pois seu faturamento predominante \u00e9 da Regi\u00e3o Sudeste, conforme informado \u00e0 pesquisa.<\/p>\n<p><img src=\"https:\/\/d3h1nu1oevgs78.cloudfront.net\/summernote\/jOcUTmtCB9rwtfpyIQ22na9Pr8Y2Jz6C1fgR26V0.jpeg\" \/><\/p>\n<p>Fonte: SuperVarejo<\/p>\n<\/div>\n<\/div>\n","protected":false},"excerpt":{"rendered":"<p>O resultado representa crescimento nominal de 10,9% em compara\u00e7\u00e3o ao ano anterior<\/p>\n","protected":false},"author":7,"featured_media":13607,"comment_status":"closed","ping_status":"closed","sticky":false,"template":"","format":"standard","meta":[],"categories":[2],"tags":[],"_links":{"self":[{"href":"https:\/\/www.confere.org.br\/wordpress\/wp-json\/wp\/v2\/posts\/13606"}],"collection":[{"href":"https:\/\/www.confere.org.br\/wordpress\/wp-json\/wp\/v2\/posts"}],"about":[{"href":"https:\/\/www.confere.org.br\/wordpress\/wp-json\/wp\/v2\/types\/post"}],"author":[{"embeddable":true,"href":"https:\/\/www.confere.org.br\/wordpress\/wp-json\/wp\/v2\/users\/7"}],"replies":[{"embeddable":true,"href":"https:\/\/www.confere.org.br\/wordpress\/wp-json\/wp\/v2\/comments?post=13606"}],"version-history":[{"count":1,"href":"https:\/\/www.confere.org.br\/wordpress\/wp-json\/wp\/v2\/posts\/13606\/revisions"}],"predecessor-version":[{"id":13608,"href":"https:\/\/www.confere.org.br\/wordpress\/wp-json\/wp\/v2\/posts\/13606\/revisions\/13608"}],"wp:featuredmedia":[{"embeddable":true,"href":"https:\/\/www.confere.org.br\/wordpress\/wp-json\/wp\/v2\/media\/13607"}],"wp:attachment":[{"href":"https:\/\/www.confere.org.br\/wordpress\/wp-json\/wp\/v2\/media?parent=13606"}],"wp:term":[{"taxonomy":"category","embeddable":true,"href":"https:\/\/www.confere.org.br\/wordpress\/wp-json\/wp\/v2\/categories?post=13606"},{"taxonomy":"post_tag","embeddable":true,"href":"https:\/\/www.confere.org.br\/wordpress\/wp-json\/wp\/v2\/tags?post=13606"}],"curies":[{"name":"wp","href":"https:\/\/api.w.org\/{rel}","templated":true}]}}