{"id":13618,"date":"2024-05-28T15:08:24","date_gmt":"2024-05-28T18:08:24","guid":{"rendered":"https:\/\/www.confere.org.br\/wordpress\/?p=13618"},"modified":"2024-05-28T15:38:49","modified_gmt":"2024-05-28T18:38:49","slug":"confere-participa-da-106a-reuniao-do-forum-dos-conselhos-federais-de-profissoes-regulamentadas","status":"publish","type":"post","link":"https:\/\/www.confere.org.br\/wordpress\/confere-participa-da-106a-reuniao-do-forum-dos-conselhos-federais-de-profissoes-regulamentadas\/","title":{"rendered":"Confere participa da 106\u00aa Reuni\u00e3o do F\u00f3rum dos Conselhos Federais de Profiss\u00f5es Regulamentadas"},"content":{"rendered":"\n<p>O encontro reuniu representantes de diversas entidades para discutir quest\u00f5es cruciais e alinhar estrat\u00e9gias em prol das profiss\u00f5es regulamentadas no Brasil.<\/p>\n<p>Um tema de grande relev\u00e2ncia foi o impacto das enchentes no Rio Grande do Sul. O Conselho Federal de Profissionais de Rela\u00e7\u00f5es P\u00fablicas abordou a situa\u00e7\u00e3o cr\u00edtica enfrentada pela popula\u00e7\u00e3o devido \u00e0s recentes enchentes, destacando a necessidade de a\u00e7\u00f5es coordenadas entre os conselhos profissionais e as autoridades locais para mitigar os efeitos dos desastres naturais. A discuss\u00e3o focou na import\u00e2ncia da comunica\u00e7\u00e3o eficaz e do planejamento estrat\u00e9gico para garantir uma resposta r\u00e1pida e eficiente em situa\u00e7\u00f5es de crise.<\/p>\n<p>A reuni\u00e3o tamb\u00e9m abordou:<\/p>\n<p>Criminaliza\u00e7\u00e3o do Exerc\u00edcio Ilegal de Profiss\u00f5es Regulamentadas: a\u00e7\u00f5es para apoiar a criminaliza\u00e7\u00e3o do exerc\u00edcio ilegal, garantindo a prote\u00e7\u00e3o da sociedade contra profissionais n\u00e3o qualificados.<\/p>\n<p>Encontro Nacional das Profiss\u00f5es Regulamentadas: apresenta\u00e7\u00e3o da programa\u00e7\u00e3o do evento pela Comiss\u00e3o Organizadora, destacando a import\u00e2ncia do encontro para o fortalecimento das profiss\u00f5es regulamentadas.<\/p>\n<p>Atividades das Comiss\u00f5es de Assessoramento Parlamentar e de Comunica\u00e7\u00e3o e Marketing: delibera\u00e7\u00f5es sobre agendas legislativas, recomposi\u00e7\u00e3o de comiss\u00f5es, apresenta\u00e7\u00e3o de novo site do F\u00f3rum, cria\u00e7\u00e3o de mem\u00f3ria institucional e propostas de campanhas.<\/p>\n<p>\u201cA participa\u00e7\u00e3o do Confere refor\u00e7a o nosso compromisso com o desenvolvimento das pautas dos Conselhos Profissionais, buscando sempre a valoriza\u00e7\u00e3o e a defesa dos direitos dos representantes comerciais\u201d, ressaltou o presidente do Confere, Archimedes Cavalcanti J\u00fanior.<\/p>\n<p><img class=\"wp-image-13629 size-full\" src=\"https:\/\/www.confere.org.br\/wordpress\/wp-content\/uploads\/2024\/05\/Design-sem-nome-1.jpg\" alt=\"\" width=\"900\" height=\"675\" srcset=\"https:\/\/www.confere.org.br\/wordpress\/wp-content\/uploads\/2024\/05\/Design-sem-nome-1.jpg 900w, https:\/\/www.confere.org.br\/wordpress\/wp-content\/uploads\/2024\/05\/Design-sem-nome-1-300x225.jpg 300w, https:\/\/www.confere.org.br\/wordpress\/wp-content\/uploads\/2024\/05\/Design-sem-nome-1-768x576.jpg 768w\" sizes=\"(max-width: 900px) 100vw, 900px\" \/><\/p>\n<p>Na foto: Jenner de Moraes, secret\u00e1rio executivo do F\u00f3rum; Andr\u00e9a Cintra Lopes, coordenadora adjunta do F\u00f3rum e Archimedes Cavalcanti J\u00fanior, diretor-presidente do Confere<\/p>\n","protected":false},"excerpt":{"rendered":"<p>O Conselho Federal dos Representantes Comerciais (Confere) marcou presen\u00e7a na 106\u00aa Reuni\u00e3o do F\u00f3rum dos Conselhos Federais de Profiss\u00f5es Regulamentadas, realizada hoje, dia 28 de maio, na sede do Conselho Federal de Contabilidade (CFC).<\/p>\n","protected":false},"author":3,"featured_media":13619,"comment_status":"closed","ping_status":"closed","sticky":false,"template":"","format":"standard","meta":[],"categories":[34,49,17],"tags":[],"_links":{"self":[{"href":"https:\/\/www.confere.org.br\/wordpress\/wp-json\/wp\/v2\/posts\/13618"}],"collection":[{"href":"https:\/\/www.confere.org.br\/wordpress\/wp-json\/wp\/v2\/posts"}],"about":[{"href":"https:\/\/www.confere.org.br\/wordpress\/wp-json\/wp\/v2\/types\/post"}],"author":[{"embeddable":true,"href":"https:\/\/www.confere.org.br\/wordpress\/wp-json\/wp\/v2\/users\/3"}],"replies":[{"embeddable":true,"href":"https:\/\/www.confere.org.br\/wordpress\/wp-json\/wp\/v2\/comments?post=13618"}],"version-history":[{"count":4,"href":"https:\/\/www.confere.org.br\/wordpress\/wp-json\/wp\/v2\/posts\/13618\/revisions"}],"predecessor-version":[{"id":13633,"href":"https:\/\/www.confere.org.br\/wordpress\/wp-json\/wp\/v2\/posts\/13618\/revisions\/13633"}],"wp:featuredmedia":[{"embeddable":true,"href":"https:\/\/www.confere.org.br\/wordpress\/wp-json\/wp\/v2\/media\/13619"}],"wp:attachment":[{"href":"https:\/\/www.confere.org.br\/wordpress\/wp-json\/wp\/v2\/media?parent=13618"}],"wp:term":[{"taxonomy":"category","embeddable":true,"href":"https:\/\/www.confere.org.br\/wordpress\/wp-json\/wp\/v2\/categories?post=13618"},{"taxonomy":"post_tag","embeddable":true,"href":"https:\/\/www.confere.org.br\/wordpress\/wp-json\/wp\/v2\/tags?post=13618"}],"curies":[{"name":"wp","href":"https:\/\/api.w.org\/{rel}","templated":true}]}}