{"id":13621,"date":"2024-05-28T15:15:52","date_gmt":"2024-05-28T18:15:52","guid":{"rendered":"https:\/\/www.confere.org.br\/wordpress\/?p=13621"},"modified":"2024-05-28T15:28:33","modified_gmt":"2024-05-28T18:28:33","slug":"posse-da-nova-diretoria-do-core-go-para-o-trienio-2024-2027","status":"publish","type":"post","link":"https:\/\/www.confere.org.br\/wordpress\/posse-da-nova-diretoria-do-core-go-para-o-trienio-2024-2027\/","title":{"rendered":"Posse da nova Diretoria do Core-GO para o tri\u00eanio 2024\/2027"},"content":{"rendered":"\n\n\n<figure class=\"wp-block-image size-large\"><img width=\"1024\" height=\"553\" src=\"https:\/\/www.confere.org.br\/wordpress\/wp-content\/uploads\/2024\/05\/Captura-de-tela-2024-05-21-141650-1024x553.jpg\" alt=\"\" class=\"wp-image-13623\" srcset=\"https:\/\/www.confere.org.br\/wordpress\/wp-content\/uploads\/2024\/05\/Captura-de-tela-2024-05-21-141650-1024x553.jpg 1024w, https:\/\/www.confere.org.br\/wordpress\/wp-content\/uploads\/2024\/05\/Captura-de-tela-2024-05-21-141650-300x162.jpg 300w, https:\/\/www.confere.org.br\/wordpress\/wp-content\/uploads\/2024\/05\/Captura-de-tela-2024-05-21-141650-768x415.jpg 768w, https:\/\/www.confere.org.br\/wordpress\/wp-content\/uploads\/2024\/05\/Captura-de-tela-2024-05-21-141650-1536x830.jpg 1536w, https:\/\/www.confere.org.br\/wordpress\/wp-content\/uploads\/2024\/05\/Captura-de-tela-2024-05-21-141650-1568x847.jpg 1568w, https:\/\/www.confere.org.br\/wordpress\/wp-content\/uploads\/2024\/05\/Captura-de-tela-2024-05-21-141650.jpg 1920w\" sizes=\"(max-width: 1024px) 100vw, 1024px\" \/><\/figure>\n\n\n\n<p>\u00a0<\/p>\n<p>A sess\u00e3o foi presidida pelo diretor-presidente do Conselho Federal dos Representantes Comerciais (Confere), Archimedes Cavalcanti J\u00fanior.<\/p>\n<p><strong>Nova Diretoria do Core-GO<\/strong><\/p>\n<p>Diretor-Presidente: Murilo Moraes Mendon\u00e7a<\/p>\n<p>Diretor-Secret\u00e1rio: Henrique Risquetti Zampieri<\/p>\n<p>Diretor-Tesoureiro: Rangel Nazir Sforcini Alves Massaruto<\/p>\n<p>Comiss\u00e3o Fiscal<\/p>\n<p>Junio da Veiga Canuto<\/p>\n<p>Jo\u00e3o de Souza<\/p>\n<p>Paulo de Tarso Costa Rodrigues<\/p>\n<p>Suplentes<\/p>\n<p>Jo\u00e3o Lucas Fonseca dos Santos (1\u00ba Diretor Suplente)<\/p>\n<p>Guilherme Campos do Nascimento (2\u00ba Diretor Suplente)<\/p>\n<p>Delegados Representantes junto ao Confere<\/p>\n<p>Efetivos: Murilo Moraes Mendon\u00e7a e Henrique Risquetti Zampieri<\/p>\n<p>Suplentes: Jo\u00e3o de Souza e Jo\u00e3o Lucas Fonseca dos Santos<\/p>\n<p>\u00a0<\/p>\n<p>Em seu discurso de posse, Murilo Moraes Mendon\u00e7a agradeceu a confian\u00e7a depositada pelos representantes comerciais do Estado de Goi\u00e1s e reafirmou seu compromisso de administrar o Core-GO com observ\u00e2ncia aos dispositivos legais e administrativos, bem como aos princ\u00edpios constitucionais que regem a administra\u00e7\u00e3o p\u00fablica.<\/p>\n<p>A posse da nova diretoria marca o in\u00edcio de um novo ciclo de gest\u00e3o comprometido com a transpar\u00eancia, responsabilidade e fortalecimento da categoria dos representantes comerciais em Goi\u00e1s.<\/p>\n","protected":false},"excerpt":{"rendered":"<p>Em cerim\u00f4nia realizada no dia 21 de maio de 2024, foram empossados os novos conselheiros do Core-GO, eleitos para o tri\u00eanio 2024\/2027. O evento ocorreu na sede do Core-GO, em Goi\u00e2nia<\/p>\n","protected":false},"author":7,"featured_media":13622,"comment_status":"closed","ping_status":"closed","sticky":false,"template":"","format":"standard","meta":[],"categories":[34,49],"tags":[],"_links":{"self":[{"href":"https:\/\/www.confere.org.br\/wordpress\/wp-json\/wp\/v2\/posts\/13621"}],"collection":[{"href":"https:\/\/www.confere.org.br\/wordpress\/wp-json\/wp\/v2\/posts"}],"about":[{"href":"https:\/\/www.confere.org.br\/wordpress\/wp-json\/wp\/v2\/types\/post"}],"author":[{"embeddable":true,"href":"https:\/\/www.confere.org.br\/wordpress\/wp-json\/wp\/v2\/users\/7"}],"replies":[{"embeddable":true,"href":"https:\/\/www.confere.org.br\/wordpress\/wp-json\/wp\/v2\/comments?post=13621"}],"version-history":[{"count":2,"href":"https:\/\/www.confere.org.br\/wordpress\/wp-json\/wp\/v2\/posts\/13621\/revisions"}],"predecessor-version":[{"id":13627,"href":"https:\/\/www.confere.org.br\/wordpress\/wp-json\/wp\/v2\/posts\/13621\/revisions\/13627"}],"wp:featuredmedia":[{"embeddable":true,"href":"https:\/\/www.confere.org.br\/wordpress\/wp-json\/wp\/v2\/media\/13622"}],"wp:attachment":[{"href":"https:\/\/www.confere.org.br\/wordpress\/wp-json\/wp\/v2\/media?parent=13621"}],"wp:term":[{"taxonomy":"category","embeddable":true,"href":"https:\/\/www.confere.org.br\/wordpress\/wp-json\/wp\/v2\/categories?post=13621"},{"taxonomy":"post_tag","embeddable":true,"href":"https:\/\/www.confere.org.br\/wordpress\/wp-json\/wp\/v2\/tags?post=13621"}],"curies":[{"name":"wp","href":"https:\/\/api.w.org\/{rel}","templated":true}]}}