{"id":13634,"date":"2024-05-29T14:59:43","date_gmt":"2024-05-29T17:59:43","guid":{"rendered":"https:\/\/www.confere.org.br\/wordpress\/?p=13634"},"modified":"2024-05-29T14:59:45","modified_gmt":"2024-05-29T17:59:45","slug":"cesta-junina-registra-crescimento-de-17-nas-vendas","status":"publish","type":"post","link":"https:\/\/www.confere.org.br\/wordpress\/cesta-junina-registra-crescimento-de-17-nas-vendas\/","title":{"rendered":"Cesta Junina registra crescimento de 17% nas vendas"},"content":{"rendered":"\n<p>As vendas da tradicional cesta Junina registraram um crescimento significativo de 17% no per\u00edodo sazonal (meses de junho e julho) em compara\u00e7\u00e3o com a m\u00e9dia anual de vendas, conforme dados da Scanntech. Este aumento reflete o impacto econ\u00f4mico das festas juninas no Brasil, que s\u00e3o sempre relevantes para o com\u00e9rcio e turismo, principalmente em cidades como Caruaru (PE), Campina Grande (PB), Mossor\u00f3 (RN), Petrolina (PE) e Parintins (AM).<\/p>\n<div>\n<p>Dentro da cesta Junina, os doces industrializados tiveram um crescimento de 28%, seguido pelo vinho, que teve um aumento de 27%. Outros itens tamb\u00e9m mostraram desempenho robusto: milho de pipoca cresceu 23%, coco ralado 20% e amendoim 19%.<\/p>\n<\/div>\n<div>\n<p>Olhando para participa\u00e7\u00e3o no faturamento, a categoria de vinho se destacou como a mais relevante, representando 28,6% das vendas totais, enquanto a farinha de trigo seguiu com uma participa\u00e7\u00e3o de 11,3%. Nos meses de junho e julho, a cesta junina teve sua maior participa\u00e7\u00e3o nas vendas, alcan\u00e7ando 3,59% e 3,30%, respectivamente.<\/p>\n<p>Por regi\u00e3o, os produtos juninos apresentaram uma maior participa\u00e7\u00e3o no Sul do Brasil, com 3,99% no per\u00edodo, puxada pela categoria de vinho. O Nordeste veio em seguida, com 3,68% de participa\u00e7\u00e3o. As demais regi\u00f5es apresentaram os seguintes percentuais: Norte (2,32%), Centro-Oeste (2,73%), Sudeste (3,34%) e Sul (3,99%).<\/p>\n<p>Fonte: Supervarejo<\/p>\n<\/div>\n","protected":false},"excerpt":{"rendered":"<p>Os itens que apresentaram alta foram os doces industrializados com 28% e o vinho com 27%<\/p>\n","protected":false},"author":3,"featured_media":13635,"comment_status":"closed","ping_status":"closed","sticky":false,"template":"","format":"standard","meta":[],"categories":[2],"tags":[],"_links":{"self":[{"href":"https:\/\/www.confere.org.br\/wordpress\/wp-json\/wp\/v2\/posts\/13634"}],"collection":[{"href":"https:\/\/www.confere.org.br\/wordpress\/wp-json\/wp\/v2\/posts"}],"about":[{"href":"https:\/\/www.confere.org.br\/wordpress\/wp-json\/wp\/v2\/types\/post"}],"author":[{"embeddable":true,"href":"https:\/\/www.confere.org.br\/wordpress\/wp-json\/wp\/v2\/users\/3"}],"replies":[{"embeddable":true,"href":"https:\/\/www.confere.org.br\/wordpress\/wp-json\/wp\/v2\/comments?post=13634"}],"version-history":[{"count":1,"href":"https:\/\/www.confere.org.br\/wordpress\/wp-json\/wp\/v2\/posts\/13634\/revisions"}],"predecessor-version":[{"id":13636,"href":"https:\/\/www.confere.org.br\/wordpress\/wp-json\/wp\/v2\/posts\/13634\/revisions\/13636"}],"wp:featuredmedia":[{"embeddable":true,"href":"https:\/\/www.confere.org.br\/wordpress\/wp-json\/wp\/v2\/media\/13635"}],"wp:attachment":[{"href":"https:\/\/www.confere.org.br\/wordpress\/wp-json\/wp\/v2\/media?parent=13634"}],"wp:term":[{"taxonomy":"category","embeddable":true,"href":"https:\/\/www.confere.org.br\/wordpress\/wp-json\/wp\/v2\/categories?post=13634"},{"taxonomy":"post_tag","embeddable":true,"href":"https:\/\/www.confere.org.br\/wordpress\/wp-json\/wp\/v2\/tags?post=13634"}],"curies":[{"name":"wp","href":"https:\/\/api.w.org\/{rel}","templated":true}]}}