{"id":13645,"date":"2024-06-04T11:03:29","date_gmt":"2024-06-04T14:03:29","guid":{"rendered":"https:\/\/www.confere.org.br\/wordpress\/?p=13645"},"modified":"2024-06-04T14:52:24","modified_gmt":"2024-06-04T17:52:24","slug":"sistema-confere-cores-e-premiado-no-1o-congresso-nacional-dos-conselhos-de-fiscalizacao-profissional","status":"publish","type":"post","link":"https:\/\/www.confere.org.br\/wordpress\/sistema-confere-cores-e-premiado-no-1o-congresso-nacional-dos-conselhos-de-fiscalizacao-profissional\/","title":{"rendered":"Sistema Confere\/Cores \u00e9 premiado no 1\u00ba Congresso Nacional dos Conselhos de Fiscaliza\u00e7\u00e3o Profissional"},"content":{"rendered":"\n<p>Com o tema &#8220;O Futuro dos Conselhos de Fiscaliza\u00e7\u00e3o Profissional em Cen\u00e1rio de Mudan\u00e7as&#8221; &#8211; Rumo \u00e0 Excel\u00eancia e Gest\u00e3o de Resultados&#8221;, o evento conta com palestras e pain\u00e9is sobre governan\u00e7a, \u00e9tica, <em>compliance<\/em> e inova\u00e7\u00f5es tecnol\u00f3gicas, promovendo discuss\u00f5es sobre adapta\u00e7\u00e3o e moderniza\u00e7\u00e3o dos Conselhos.<\/p>\n<p>\u201c\u00c9 essencial capacitar gestores e profissionais para o enfrentamento de desafios emergentes, reconhecendo a import\u00e2ncia da atualiza\u00e7\u00e3o cont\u00ednua e do desenvolvimento de habilidades para o sucesso organizacional\u201d, frisou o presidente do Confere, Archimedes Cavalcanti J\u00fanior.<\/p>\n<p>Na noite de abertura do evento, no dia 3 de junho, o Sistema Confere\/Cores foi premiado com o Trof\u00e9u de Excel\u00eancia e Inova\u00e7\u00f5es Pr\u00e1ticas em Gest\u00e3o de Resultados nos Conselhos de Fiscaliza\u00e7\u00e3o Profissional, nas seguintes categorias:<\/p>\n<p>Pr\u00eamio Qualidade do Relat\u00f3rio de Gest\u00e3o \u2013 Confere<\/p>\n<p>Pr\u00eamio Pr\u00e1tica aplicada \u00e0 gest\u00e3o de riscos em prote\u00e7\u00e3o de dados pessoais \u2013 Core-MS<\/p>\n<p>Pr\u00eamio Excel\u00eancia em Fiscaliza\u00e7\u00e3o Profissional -Legalidade, efici\u00eancia e transpar\u00eancia nos procedimentos fiscalizados \u2013 Core-ES<\/p>\n<p>Pr\u00eamio Procedimentos eficazes adotados para redu\u00e7\u00e3o da inadimpl\u00eancia \u2013 Core-SC<\/p>\n<p>Pr\u00eamio Utiliza\u00e7\u00e3o da IA e sua aplica\u00e7\u00e3o na gest\u00e3o dos Conselhos Profissionais \u2013 Core-SC<\/p>\n<p>Pr\u00eamio Melhor Case sobre Avalia\u00e7\u00e3o por Compet\u00eancia \u2013 Core-PE<\/p>\n<p>Pr\u00eamio Divulga\u00e7\u00e3o Institucional \u2013 Confere<\/p>\n<p>Pr\u00eamio Conformidade e Controle Interno \u2013 Core-SP<\/p>\n<p>Pr\u00eamio Capacita\u00e7\u00e3o Profissional Continuada \u2013 Confere<\/p>\n<p>Pr\u00eamio Edital do Procedimento Auxiliar do Credenciamento \u2013 Core-RN<\/p>\n<p>Pr\u00eamio Registro de Pre\u00e7o, contemplando inten\u00e7\u00e3o de Registro de Pre\u00e7os, em observ\u00e2ncia \u00e0s novas regras da Lei n\u00ba 14.133\/2021 e Decreto 11.462\/2023 \u2013 Core-PE<\/p>\n<p>Pr\u00eamio Registro de Pre\u00e7o, contemplando inten\u00e7\u00e3o de Registro de Pre\u00e7os, em observ\u00e2ncia \u00e0s novas regras da Lei n\u00ba 14.133\/2021 e Decreto 11.462\/2023 \u2013 Core-SP<\/p>\n<p>Pr\u00eamio Registro de Pre\u00e7o, contemplando inten\u00e7\u00e3o de Registro de Pre\u00e7os, em observ\u00e2ncia \u00e0s novas regras da Lei n\u00ba 14.133\/2021 e Decreto 11.462\/2023 \u2013 Confere<\/p>\n<p>\u201cEstamos comprometidos em manter a transpar\u00eancia, a \u00e9tica e a efici\u00eancia em todas as nossas a\u00e7\u00f5es, em prol do desenvolvimento e fortalecimento do setor. No Relat\u00f3rio de Gest\u00e3o do exerc\u00edcio de 2023 pudemos demonstrar as iniciativas que implementamos a fim de reduzir as disparidades regionais e promover a intera\u00e7\u00e3o entre os Conselhos Regionais e a sociedade. Ficamos muito felizes com esse reconhecimento. A terceira premia\u00e7\u00e3o foi na categoria Capacita\u00e7\u00e3o Profissional Continuada, pelas iniciativas da Institui\u00e7\u00e3o para atrair e reter talentos com foco, principalmente, no aprimoramento do capital humano, por meio de treinamentos e capacita\u00e7\u00f5es cont\u00ednuas para os funcion\u00e1rios e dirigentes de todo o Sistema Confere\/Cores. A capacita\u00e7\u00e3o \u00e9, sem d\u00favida, um ponto crucial em nossa busca pela excel\u00eancia. Ao investir na forma\u00e7\u00e3o de nossa for\u00e7a de trabalho em todo o Sistema Confere\/Cores, garantimos que o corpo funcional esteja preparado para novos desafios, impactando positivamente nas entidades e, especialmente, no desempenho de nossa atividade-fim\u201d, afirmou Archimedes.<\/p>\n<p>\u00a0<\/p>\n","protected":false},"excerpt":{"rendered":"<p>De 3 a 6 de junho, Sistema Confere\/Cores participa do 1\u00ba Congresso Nacional dos Conselhos de Fiscaliza\u00e7\u00e3o Profissional<\/p>\n","protected":false},"author":3,"featured_media":13646,"comment_status":"closed","ping_status":"closed","sticky":false,"template":"","format":"standard","meta":[],"categories":[34,49,17],"tags":[],"_links":{"self":[{"href":"https:\/\/www.confere.org.br\/wordpress\/wp-json\/wp\/v2\/posts\/13645"}],"collection":[{"href":"https:\/\/www.confere.org.br\/wordpress\/wp-json\/wp\/v2\/posts"}],"about":[{"href":"https:\/\/www.confere.org.br\/wordpress\/wp-json\/wp\/v2\/types\/post"}],"author":[{"embeddable":true,"href":"https:\/\/www.confere.org.br\/wordpress\/wp-json\/wp\/v2\/users\/3"}],"replies":[{"embeddable":true,"href":"https:\/\/www.confere.org.br\/wordpress\/wp-json\/wp\/v2\/comments?post=13645"}],"version-history":[{"count":7,"href":"https:\/\/www.confere.org.br\/wordpress\/wp-json\/wp\/v2\/posts\/13645\/revisions"}],"predecessor-version":[{"id":13664,"href":"https:\/\/www.confere.org.br\/wordpress\/wp-json\/wp\/v2\/posts\/13645\/revisions\/13664"}],"wp:featuredmedia":[{"embeddable":true,"href":"https:\/\/www.confere.org.br\/wordpress\/wp-json\/wp\/v2\/media\/13646"}],"wp:attachment":[{"href":"https:\/\/www.confere.org.br\/wordpress\/wp-json\/wp\/v2\/media?parent=13645"}],"wp:term":[{"taxonomy":"category","embeddable":true,"href":"https:\/\/www.confere.org.br\/wordpress\/wp-json\/wp\/v2\/categories?post=13645"},{"taxonomy":"post_tag","embeddable":true,"href":"https:\/\/www.confere.org.br\/wordpress\/wp-json\/wp\/v2\/tags?post=13645"}],"curies":[{"name":"wp","href":"https:\/\/api.w.org\/{rel}","templated":true}]}}