{"id":13743,"date":"2024-06-17T10:47:14","date_gmt":"2024-06-17T13:47:14","guid":{"rendered":"https:\/\/www.confere.org.br\/wordpress\/?p=13743"},"modified":"2024-06-17T10:47:17","modified_gmt":"2024-06-17T13:47:17","slug":"vendas-para-o-dia-dos-namorados-crescem-49","status":"publish","type":"post","link":"https:\/\/www.confere.org.br\/wordpress\/vendas-para-o-dia-dos-namorados-crescem-49\/","title":{"rendered":"Vendas para o Dia dos Namorados crescem 4,9%"},"content":{"rendered":"\n<p>As vendas entre os dias 6 e 12 de junho, para o Dia dos Namorados, cresceram 4,9% comparadas ao mesmo per\u00edodo do ano anterior, segundo o \u00cdndice Cielo do Varejo Ampliado (ICVA). O Varejo presencial cresceu 4,1%. O e-commerce aumentou o faturamento em 15,5%.<\/p>\n<p>De acordo com Carlos Alves, vice-presidente de tecnologia e neg\u00f3cios da Cielo, o calend\u00e1rio deste ano favoreceu o resultado. \u201cNo ano passado houve um feriado, o que geralmente leva ao fechamento de parte do com\u00e9rcio, bem pr\u00f3ximo ao Dia dos Namorados. Em 2024 a situa\u00e7\u00e3o n\u00e3o se repetiu, ajudando as vendas\u201d, afirma.<\/p>\n<p>Levando-se em conta apenas o Varejo presencial, as vendas nas regi\u00f5es Sul e Nordeste cresceram 5,1% e 5,0%, respectivamente. Na sequ\u00eancia, est\u00e3o Norte (+4,4%), Centro-Oeste (+3,8%) e Sudeste (+3,7%).<\/p>\n<p>Todas as unidades federativas apresentaram crescimento. A maior varia\u00e7\u00e3o foi do Rio Grande do Sul, com 11,4%. Em seguida, as principais altas foram Par\u00e1 (+6,4%), Bahia (+5,3%), Rio de Janeiro (+5,0%), Distrito Federal (+4,9%) e Minas Gerais (+4,3%).<\/p>\n<p>O \u00cdndice Cielo do Varejo Ampliado (ICVA) acompanha mensalmente a evolu\u00e7\u00e3o do varejo brasileiro, de acordo com as vendas realizadas em 18 setores mapeados pela Cielo. Eles respondem por cerca de 820 mil varejistas credenciados \u00e0 companhia.<\/p>\n<p>Fonte: <a href=\"https:\/\/supervarejo.com.br\/economia\/vendas-para-o-dia-dos-namorados-crescem-49\">SuperVarejo<\/a><\/p>\n","protected":false},"excerpt":{"rendered":"<p>\u00d3ticas e Joalherias foi o segmento que mais cresceu no per\u00edodo, com varia\u00e7\u00e3o de 19,1%. Outros setores que apresentaram alta foram M\u00f3veis, Eletro e Depto (+12,3%); Cosm\u00e9ticos e Higiene Pessoal (+9,6%); Turismo e Transporte (+6,5%); Supermercados e Hipermercados (+5,0%) e Varejo Aliment\u00edcio Especializado (+4,3%).<\/p>\n","protected":false},"author":3,"featured_media":3729,"comment_status":"closed","ping_status":"closed","sticky":false,"template":"","format":"standard","meta":[],"categories":[2],"tags":[],"_links":{"self":[{"href":"https:\/\/www.confere.org.br\/wordpress\/wp-json\/wp\/v2\/posts\/13743"}],"collection":[{"href":"https:\/\/www.confere.org.br\/wordpress\/wp-json\/wp\/v2\/posts"}],"about":[{"href":"https:\/\/www.confere.org.br\/wordpress\/wp-json\/wp\/v2\/types\/post"}],"author":[{"embeddable":true,"href":"https:\/\/www.confere.org.br\/wordpress\/wp-json\/wp\/v2\/users\/3"}],"replies":[{"embeddable":true,"href":"https:\/\/www.confere.org.br\/wordpress\/wp-json\/wp\/v2\/comments?post=13743"}],"version-history":[{"count":1,"href":"https:\/\/www.confere.org.br\/wordpress\/wp-json\/wp\/v2\/posts\/13743\/revisions"}],"predecessor-version":[{"id":13744,"href":"https:\/\/www.confere.org.br\/wordpress\/wp-json\/wp\/v2\/posts\/13743\/revisions\/13744"}],"wp:featuredmedia":[{"embeddable":true,"href":"https:\/\/www.confere.org.br\/wordpress\/wp-json\/wp\/v2\/media\/3729"}],"wp:attachment":[{"href":"https:\/\/www.confere.org.br\/wordpress\/wp-json\/wp\/v2\/media?parent=13743"}],"wp:term":[{"taxonomy":"category","embeddable":true,"href":"https:\/\/www.confere.org.br\/wordpress\/wp-json\/wp\/v2\/categories?post=13743"},{"taxonomy":"post_tag","embeddable":true,"href":"https:\/\/www.confere.org.br\/wordpress\/wp-json\/wp\/v2\/tags?post=13743"}],"curies":[{"name":"wp","href":"https:\/\/api.w.org\/{rel}","templated":true}]}}