{"id":13746,"date":"2024-06-21T10:26:29","date_gmt":"2024-06-21T13:26:29","guid":{"rendered":"https:\/\/www.confere.org.br\/wordpress\/?p=13746"},"modified":"2024-06-21T10:26:32","modified_gmt":"2024-06-21T13:26:32","slug":"seminario-de-contabilistas-aborda-novas-diretrizes-e-procedimentos-para-2024","status":"publish","type":"post","link":"https:\/\/www.confere.org.br\/wordpress\/seminario-de-contabilistas-aborda-novas-diretrizes-e-procedimentos-para-2024\/","title":{"rendered":"Semin\u00e1rio de Contabilistas aborda novas diretrizes e procedimentos para 2024"},"content":{"rendered":"\n<p>De 18 a 20 de junho, o Confere realizou o Semin\u00e1rio dos Contabilistas do Sistema Confere\/Cores. O evento ocorreu presencialmente em Bras\u00edlia para os profissionais da Contabilidade, com transmiss\u00e3o para os colaboradores e dirigentes, e abordou temas relevantes e recentes atualiza\u00e7\u00f5es nas normas e procedimentos cont\u00e1beis.<br \/><br \/>Na abertura do evento, o diretor-secret\u00e1rio do Confere, Jo\u00e3o Pedro da Silva Rosa, e o diretor-tesoureiro do Confere, Hely Ricardo de Lima, destacaram a relev\u00e2ncia das novas diretrizes para a auditoria do Sistema Confere\/Cores.<br \/><br \/>Em seguida, foram apresentadas as novas diretrizes de auditoria e discutido o Ac\u00f3rd\u00e3o TCU n\u00ba 2402\/2022, al\u00e9m de temas como o uso de intelig\u00eancia de dados para apoio \u00e0 gest\u00e3o.<br \/><br \/>Outros temas importantes debatidos no Semin\u00e1rio s\u00e3o a atualiza\u00e7\u00e3o do Manual de Procedimentos Cont\u00e1beis e Financeiros do Sistema Confere\/Cores e a import\u00e2ncia da transpar\u00eancia nas informa\u00e7\u00f5es cont\u00e1beis e financeiras.<br \/><br \/>Na tarde do dia 18, o Prof. Dr. Fernando Richartz ministrou a palestra \u201cO Futuro da Gest\u00e3o com Dados\u201d, na qual apresentou as vastas oportunidades que a intelig\u00eancia de dados oferece para diversas \u00e1reas de gest\u00e3o e opera\u00e7\u00e3o e como a utiliza\u00e7\u00e3o estrat\u00e9gica de dados pode transformar neg\u00f3cios e institui\u00e7\u00f5es.<br \/><br \/>Dr. Richartz destacou que a intelig\u00eancia de dados n\u00e3o \u00e9\u00a0 uma tend\u00eancia passageira, mas uma necessidade crescente para as organiza\u00e7\u00f5es que buscam manter-se competitivas. A capacidade de interpretar e utilizar dados de forma eficiente pode reduzir riscos, melhorar a tomada de decis\u00f5es e criar estrat\u00e9gias mais eficazes.<\/p>\n<p>Sobre a import\u00e2ncia da transpar\u00eancia nas informa\u00e7\u00f5es cont\u00e1beis e financeiras, Helder Baptista, auditor do Confere, falou sobre o Portal da Transpar\u00eancia &#8211; ferramenta crucial para disponibilizar informa\u00e7\u00f5es cont\u00e1beis e financeiras, assegurando que os cidad\u00e3os possam acessar dados sobre a gest\u00e3o p\u00fablica de forma clara e compreens\u00edvel. &#8220;A transpar\u00eancia ativa \u00e9 vital para a credibilidade das institui\u00e7\u00f5es p\u00fablicas. Ela envolve a publica\u00e7\u00e3o cont\u00ednua e atualizada de informa\u00e7\u00f5es, com destaque para a necessidade de um fluxo formalizado de divulga\u00e7\u00e3o e a manuten\u00e7\u00e3o de dados atualizados por pelo menos cinco anos&#8221;.<\/p>\n<p><img class=\"alignnone  wp-image-13748\" src=\"https:\/\/www.confere.org.br\/wordpress\/wp-content\/uploads\/2024\/06\/WhatsApp-Image-2024-06-21-at-10.13.30.jpeg\" alt=\"\" width=\"996\" height=\"560\" srcset=\"https:\/\/www.confere.org.br\/wordpress\/wp-content\/uploads\/2024\/06\/WhatsApp-Image-2024-06-21-at-10.13.30.jpeg 1600w, https:\/\/www.confere.org.br\/wordpress\/wp-content\/uploads\/2024\/06\/WhatsApp-Image-2024-06-21-at-10.13.30-300x169.jpeg 300w, https:\/\/www.confere.org.br\/wordpress\/wp-content\/uploads\/2024\/06\/WhatsApp-Image-2024-06-21-at-10.13.30-1024x576.jpeg 1024w, https:\/\/www.confere.org.br\/wordpress\/wp-content\/uploads\/2024\/06\/WhatsApp-Image-2024-06-21-at-10.13.30-768x432.jpeg 768w, https:\/\/www.confere.org.br\/wordpress\/wp-content\/uploads\/2024\/06\/WhatsApp-Image-2024-06-21-at-10.13.30-1536x864.jpeg 1536w, https:\/\/www.confere.org.br\/wordpress\/wp-content\/uploads\/2024\/06\/WhatsApp-Image-2024-06-21-at-10.13.30-1568x882.jpeg 1568w\" sizes=\"(max-width: 996px) 100vw, 996px\" \/><\/p>\n<p>\u00a0<\/p>\n<p>\u00a0<\/p>\n\n\n","protected":false},"excerpt":{"rendered":"<p>O evento destaca inova\u00e7\u00f5es na \u00e1rea cont\u00e1bil e promove troca de conhecimentos entre profissionais<\/p>\n","protected":false},"author":3,"featured_media":13747,"comment_status":"closed","ping_status":"closed","sticky":false,"template":"","format":"standard","meta":[],"categories":[34,49],"tags":[],"_links":{"self":[{"href":"https:\/\/www.confere.org.br\/wordpress\/wp-json\/wp\/v2\/posts\/13746"}],"collection":[{"href":"https:\/\/www.confere.org.br\/wordpress\/wp-json\/wp\/v2\/posts"}],"about":[{"href":"https:\/\/www.confere.org.br\/wordpress\/wp-json\/wp\/v2\/types\/post"}],"author":[{"embeddable":true,"href":"https:\/\/www.confere.org.br\/wordpress\/wp-json\/wp\/v2\/users\/3"}],"replies":[{"embeddable":true,"href":"https:\/\/www.confere.org.br\/wordpress\/wp-json\/wp\/v2\/comments?post=13746"}],"version-history":[{"count":1,"href":"https:\/\/www.confere.org.br\/wordpress\/wp-json\/wp\/v2\/posts\/13746\/revisions"}],"predecessor-version":[{"id":13749,"href":"https:\/\/www.confere.org.br\/wordpress\/wp-json\/wp\/v2\/posts\/13746\/revisions\/13749"}],"wp:featuredmedia":[{"embeddable":true,"href":"https:\/\/www.confere.org.br\/wordpress\/wp-json\/wp\/v2\/media\/13747"}],"wp:attachment":[{"href":"https:\/\/www.confere.org.br\/wordpress\/wp-json\/wp\/v2\/media?parent=13746"}],"wp:term":[{"taxonomy":"category","embeddable":true,"href":"https:\/\/www.confere.org.br\/wordpress\/wp-json\/wp\/v2\/categories?post=13746"},{"taxonomy":"post_tag","embeddable":true,"href":"https:\/\/www.confere.org.br\/wordpress\/wp-json\/wp\/v2\/tags?post=13746"}],"curies":[{"name":"wp","href":"https:\/\/api.w.org\/{rel}","templated":true}]}}