{"id":13883,"date":"2024-07-25T10:33:08","date_gmt":"2024-07-25T13:33:08","guid":{"rendered":"https:\/\/www.confere.org.br\/wordpress\/?p=13883"},"modified":"2026-04-06T08:55:25","modified_gmt":"2026-04-06T11:55:25","slug":"concurso-publico-01-2024","status":"publish","type":"post","link":"https:\/\/www.confere.org.br\/wordpress\/concurso-publico-01-2024\/","title":{"rendered":"Concurso P\u00fablico &#8211; 01\/2024"},"content":{"rendered":"\n\n\n<p>25\/07\/2024<\/p>\n<p><a href=\"https:\/\/www.confere.org.br\/wordpress\/wp-content\/uploads\/2024\/07\/1_CONFERE_concurso_publico_2024_edital_1_abertura.pdf\">Edital do Concurso P\u00fablico 2024<\/a><\/p>\n<p><a href=\"https:\/\/www.confere.org.br\/wordpress\/wp-content\/uploads\/2024\/07\/Extrato-de-Edital-Concurso-Publico-Confere-2024-1.pdf\">Publica\u00e7\u00e3o no DOU<\/a><\/p>\n<p>19\/08\/2024<\/p>\n<p><a href=\"https:\/\/www.confere.org.br\/wordpress\/wp-content\/uploads\/2024\/08\/CONFERE_concurso_publico_2024_edital_2_retificacao.pdf\">Edital N\u00ba 2 do Concurso P\u00fablico 2024 &#8211; Altera\u00e7\u00e3o do Anexo I<\/a><\/p>\n<p><a href=\"https:\/\/www.confere.org.br\/wordpress\/wp-content\/uploads\/2024\/08\/edital-2.pdf\">Publica\u00e7\u00e3o no DOU<\/a><\/p>\n<p>23\/08\/2024<\/p>\n<p><a href=\"https:\/\/www.confere.org.br\/wordpress\/wp-content\/uploads\/2024\/08\/CONFERE_concurso_publico_2024_edital_3_retificacao-1.pdf\">Edital N\u00ba 3 do Concurso P\u00fablico 2024 &#8211; Altera\u00e7\u00e3o do subitem 2.1 do Anexo I<\/a><\/p>\n<p><a href=\"https:\/\/www.confere.org.br\/wordpress\/wp-content\/uploads\/2024\/12\/Edital-3-DOU.pdf\">Publica\u00e7\u00e3o no DOU<\/a><\/p>\n<p>13\/01\/2025<\/p>\n<p><a href=\"https:\/\/www.confere.org.br\/wordpress\/wp-content\/uploads\/2025\/01\/2_CONFERE_concurso_publico_2024_resultado_final.pdf\">Resultado Final<\/a><\/p>\n<p>05\/02\/2025<\/p>\n<p><a href=\"https:\/\/www.confere.org.br\/wordpress\/wp-content\/uploads\/2025\/02\/Edital-Concurso.pdf\">Edital de Homologa\u00e7\u00e3o de Concurso P\u00fablico<\/a><\/p>\n<p><a href=\"https:\/\/www.confere.org.br\/wordpress\/wp-content\/uploads\/2025\/05\/DOUconcurso.pdf\">Publica\u00e7\u00e3o no DOU<\/a><\/p>\n<p>23\/07\/2025<\/p>\n<p><a href=\"https:\/\/www.confere.org.br\/wordpress\/wp-content\/uploads\/2025\/07\/1_CONFERE_concurso_publico_2024_resultado_final_23-07-2025.pdf\">RESULTADO FINAL<\/a><\/p>\n<p>Em cumprimento \u00e0 decis\u00e3o liminar proferida nos autos do Mandado de Seguran\u00e7a<\/p>\n<p>n\u00ba 1005039-04.2025.4.01.3400<\/p>\n<p>19\/03\/2026<br \/><a href=\"https:\/\/www.confere.org.br\/wordpress\/wp-content\/uploads\/2026\/03\/Edital-de-Convocacao-01.2026-CONFERE..pdf\">EDITAL DE CONVOCA\u00c7\u00c3O N\u00b0 01\/2026<\/a><\/p>\n<p><a href=\"https:\/\/www.confere.org.br\/wordpress\/wp-content\/uploads\/2026\/03\/DOU-convocacao.pdf\">Publica\u00e7\u00e3o no DOU<\/a><br \/><br \/>02\/04\/2026<\/p>\n<p><a href=\"https:\/\/www.confere.org.br\/wordpress\/wp-content\/uploads\/2026\/04\/Edital-de-Convocacao-02.2026-CONFERE..pdf\">EDITAL DE CONVOCA\u00c7\u00c3O N.\u00b0 02\/2026<\/a><\/p>\n<p>06\/04\/2026<\/p>\n<p><a href=\"https:\/\/www.confere.org.br\/wordpress\/wp-content\/uploads\/2026\/04\/INPDFViewer.pdf\">Publica\u00e7\u00e3o no DOU<\/a><\/p>\n","protected":false},"excerpt":{"rendered":"<p>O Conselho Federal dos Representantes Comerciais torna p\u00fablica as informa\u00e7\u00f5es sobre o Concurso P\u00fablico destinado a selecionar candidatos para o preenchimento de vagas pelo regime celetista. O processo seletivo p\u00fablico ser\u00e1 regido de acordo com as disposi\u00e7\u00f5es deste edital, observado o que estabelece a Constitui\u00e7\u00e3o Federal no Art. 37, incisos I a IV, com a execu\u00e7\u00e3o t\u00e9cnico-administrativa do Instituto Quadrix.<\/p>\n","protected":false},"author":8,"featured_media":0,"comment_status":"closed","ping_status":"closed","sticky":false,"template":"","format":"standard","meta":[],"categories":[42],"tags":[],"_links":{"self":[{"href":"https:\/\/www.confere.org.br\/wordpress\/wp-json\/wp\/v2\/posts\/13883"}],"collection":[{"href":"https:\/\/www.confere.org.br\/wordpress\/wp-json\/wp\/v2\/posts"}],"about":[{"href":"https:\/\/www.confere.org.br\/wordpress\/wp-json\/wp\/v2\/types\/post"}],"author":[{"embeddable":true,"href":"https:\/\/www.confere.org.br\/wordpress\/wp-json\/wp\/v2\/users\/8"}],"replies":[{"embeddable":true,"href":"https:\/\/www.confere.org.br\/wordpress\/wp-json\/wp\/v2\/comments?post=13883"}],"version-history":[{"count":16,"href":"https:\/\/www.confere.org.br\/wordpress\/wp-json\/wp\/v2\/posts\/13883\/revisions"}],"predecessor-version":[{"id":18858,"href":"https:\/\/www.confere.org.br\/wordpress\/wp-json\/wp\/v2\/posts\/13883\/revisions\/18858"}],"wp:attachment":[{"href":"https:\/\/www.confere.org.br\/wordpress\/wp-json\/wp\/v2\/media?parent=13883"}],"wp:term":[{"taxonomy":"category","embeddable":true,"href":"https:\/\/www.confere.org.br\/wordpress\/wp-json\/wp\/v2\/categories?post=13883"},{"taxonomy":"post_tag","embeddable":true,"href":"https:\/\/www.confere.org.br\/wordpress\/wp-json\/wp\/v2\/tags?post=13883"}],"curies":[{"name":"wp","href":"https:\/\/api.w.org\/{rel}","templated":true}]}}