{"id":14263,"date":"2024-09-12T10:26:42","date_gmt":"2024-09-12T13:26:42","guid":{"rendered":"https:\/\/www.confere.org.br\/wordpress\/?p=14263"},"modified":"2024-12-11T16:50:08","modified_gmt":"2024-12-11T19:50:08","slug":"processo-administrativo-de-contratacao-direta-no-015-2024-dispensa-eletronica-no-90-015-2024-servico-movel-pessoal-de-10-dez-linhas","status":"publish","type":"post","link":"https:\/\/www.confere.org.br\/wordpress\/processo-administrativo-de-contratacao-direta-no-015-2024-dispensa-eletronica-no-90-015-2024-servico-movel-pessoal-de-10-dez-linhas\/","title":{"rendered":"Processo Administrativo de Contrata\u00e7\u00e3o Direta N\u00ba 015\/2024 &#8211; Dispensa Eletr\u00f4nica N\u00ba 90.015\/2024 &#8211; Servi\u00e7o M\u00f3vel Pessoal de 10 (dez) linhas"},"content":{"rendered":"\n<ul data-editing-info=\"{&quot;orderedStyleType&quot;:1,&quot;unorderedStyleType&quot;:1}\">\n<li>\n<div class=\"x_elementToProof\"><a href=\"https:\/\/www.confere.org.br\/wordpress\/wp-content\/uploads\/2024\/09\/Edital_da_Dispensa_Eletronica_para_publicacao.pdf\">Termo de Refer\u00eancia<\/a><\/div>\n<\/li>\n<li>\n<div class=\"x_elementToProof\">Link PNCP:\u00a0<a id=\"LPlnk965876\" href=\"https:\/\/pncp.gov.br\/app\/editais\/34046367000168\/2024\/21\" target=\"_blank\" rel=\"noopener noreferrer\" data-auth=\"NotApplicable\" data-linkindex=\"0\">https:\/\/pncp.gov.br\/app\/editais\/34046367000168\/2024\/21<\/a><\/div>\n<\/li>\n<li>\n<div><a href=\"https:\/\/www.confere.org.br\/wordpress\/wp-content\/uploads\/2024\/09\/DESPACHO_TR_Linhas_Telefonicas_assinado_editado.pdf\">Autoriza\u00e7\u00e3o do Ordenador de Despesa<\/a><\/div>\n<\/li>\n<li>\n<div class=\"x_elementToProof\">Data da sess\u00e3o: 17\/09\/2024.<\/div>\n<\/li>\n<li>\n<p>09\/10\/2024 &#8211; <a href=\"https:\/\/www.confere.org.br\/wordpress\/wp-content\/uploads\/2024\/12\/relatorio-dispensa-38904706900152024_movel.pdf\">Relat\u00f3rio homologado<\/a><\/p>\n<\/li>\n<\/ul>\n","protected":false},"excerpt":{"rendered":"<p>Termo de Refer\u00eancia Link PNCP:\u00a0https:\/\/pncp.gov.br\/app\/editais\/34046367000168\/2024\/21 Autoriza\u00e7\u00e3o do Ordenador de Despesa Data da sess\u00e3o: 17\/09\/2024. 09\/10\/2024 &#8211; Relat\u00f3rio homologado<\/p>\n","protected":false},"author":7,"featured_media":0,"comment_status":"closed","ping_status":"closed","sticky":false,"template":"","format":"standard","meta":[],"categories":[60],"tags":[],"_links":{"self":[{"href":"https:\/\/www.confere.org.br\/wordpress\/wp-json\/wp\/v2\/posts\/14263"}],"collection":[{"href":"https:\/\/www.confere.org.br\/wordpress\/wp-json\/wp\/v2\/posts"}],"about":[{"href":"https:\/\/www.confere.org.br\/wordpress\/wp-json\/wp\/v2\/types\/post"}],"author":[{"embeddable":true,"href":"https:\/\/www.confere.org.br\/wordpress\/wp-json\/wp\/v2\/users\/7"}],"replies":[{"embeddable":true,"href":"https:\/\/www.confere.org.br\/wordpress\/wp-json\/wp\/v2\/comments?post=14263"}],"version-history":[{"count":2,"href":"https:\/\/www.confere.org.br\/wordpress\/wp-json\/wp\/v2\/posts\/14263\/revisions"}],"predecessor-version":[{"id":14981,"href":"https:\/\/www.confere.org.br\/wordpress\/wp-json\/wp\/v2\/posts\/14263\/revisions\/14981"}],"wp:attachment":[{"href":"https:\/\/www.confere.org.br\/wordpress\/wp-json\/wp\/v2\/media?parent=14263"}],"wp:term":[{"taxonomy":"category","embeddable":true,"href":"https:\/\/www.confere.org.br\/wordpress\/wp-json\/wp\/v2\/categories?post=14263"},{"taxonomy":"post_tag","embeddable":true,"href":"https:\/\/www.confere.org.br\/wordpress\/wp-json\/wp\/v2\/tags?post=14263"}],"curies":[{"name":"wp","href":"https:\/\/api.w.org\/{rel}","templated":true}]}}