{"id":14270,"date":"2024-09-12T17:01:36","date_gmt":"2024-09-12T20:01:36","guid":{"rendered":"https:\/\/www.confere.org.br\/wordpress\/?p=14270"},"modified":"2025-02-14T15:41:02","modified_gmt":"2025-02-14T18:41:02","slug":"processo-administrativo-de-contratacao-no-010-24-aquisicao-de-imovel-na-regiao-administrativa-i-plano-piloto-brasilia-df","status":"publish","type":"post","link":"https:\/\/www.confere.org.br\/wordpress\/processo-administrativo-de-contratacao-no-010-24-aquisicao-de-imovel-na-regiao-administrativa-i-plano-piloto-brasilia-df\/","title":{"rendered":"Processo Administrativo de Contrata\u00e7\u00e3o n\u00ba 010\/24 &#8211;  Aquisi\u00e7\u00e3o de im\u00f3vel na Regi\u00e3o Administrativa I (Plano Piloto) \u2013 Bras\u00edlia, DF"},"content":{"rendered":"\n<p><a href=\"https:\/\/www.confere.org.br\/wordpress\/wp-content\/uploads\/2024\/09\/Chamamento_Publico_Imovel-assinado.pdf\">EDITAL DE CHAMAMENTO P\u00daBLICO N\u00ba 01\/2024<\/a><\/p>\n<ul>\n<li><a href=\"https:\/\/www.confere.org.br\/wordpress\/wp-content\/uploads\/2024\/09\/Publicacao-no-DOU-Chamamento-Publico-1.pdf\">PUBLICA\u00c7\u00c3O NO DOU<\/a><\/li>\n<li><a href=\"https:\/\/www.confere.org.br\/wordpress\/wp-content\/uploads\/2024\/09\/CONFERE-13-09.pdf\">PUBLICA\u00c7\u00c3O NO JORNAL DE BRAS\u00cdLIA<\/a><\/li>\n<\/ul>\n<p><a href=\"https:\/\/www.confere.org.br\/wordpress\/wp-content\/uploads\/2024\/09\/Anexo-I-Propostas.pdf\">ANEXO I<\/a><\/p>\n<p><a href=\"https:\/\/www.confere.org.br\/wordpress\/wp-content\/uploads\/2024\/09\/Anexo_II_TR_Imovel_CONFERE_assinado.pdf\">ANEXO II<\/a><\/p>\n<p>Link:\u00a0<a id=\"LPlnk549475\" title=\"https:\/\/pncp.gov.br\/app\/editais\/34046367000168\/2024\/30\" href=\"https:\/\/pncp.gov.br\/app\/editais\/34046367000168\/2024\/30\" target=\"_blank\" rel=\"noopener noreferrer\" data-auth=\"NotApplicable\" data-linkindex=\"0\">https:\/\/pncp.gov.br\/app\/editais\/34046367000168\/2024\/30<\/a><\/p>\n\n\n","protected":false},"excerpt":{"rendered":"<p>EDITAL DE CHAMAMENTO P\u00daBLICO N\u00ba 01\/2024 PUBLICA\u00c7\u00c3O NO DOU PUBLICA\u00c7\u00c3O NO JORNAL DE BRAS\u00cdLIA ANEXO I ANEXO II Link:\u00a0https:\/\/pncp.gov.br\/app\/editais\/34046367000168\/2024\/30<\/p>\n","protected":false},"author":3,"featured_media":0,"comment_status":"closed","ping_status":"closed","sticky":false,"template":"","format":"standard","meta":[],"categories":[55],"tags":[],"_links":{"self":[{"href":"https:\/\/www.confere.org.br\/wordpress\/wp-json\/wp\/v2\/posts\/14270"}],"collection":[{"href":"https:\/\/www.confere.org.br\/wordpress\/wp-json\/wp\/v2\/posts"}],"about":[{"href":"https:\/\/www.confere.org.br\/wordpress\/wp-json\/wp\/v2\/types\/post"}],"author":[{"embeddable":true,"href":"https:\/\/www.confere.org.br\/wordpress\/wp-json\/wp\/v2\/users\/3"}],"replies":[{"embeddable":true,"href":"https:\/\/www.confere.org.br\/wordpress\/wp-json\/wp\/v2\/comments?post=14270"}],"version-history":[{"count":4,"href":"https:\/\/www.confere.org.br\/wordpress\/wp-json\/wp\/v2\/posts\/14270\/revisions"}],"predecessor-version":[{"id":15461,"href":"https:\/\/www.confere.org.br\/wordpress\/wp-json\/wp\/v2\/posts\/14270\/revisions\/15461"}],"wp:attachment":[{"href":"https:\/\/www.confere.org.br\/wordpress\/wp-json\/wp\/v2\/media?parent=14270"}],"wp:term":[{"taxonomy":"category","embeddable":true,"href":"https:\/\/www.confere.org.br\/wordpress\/wp-json\/wp\/v2\/categories?post=14270"},{"taxonomy":"post_tag","embeddable":true,"href":"https:\/\/www.confere.org.br\/wordpress\/wp-json\/wp\/v2\/tags?post=14270"}],"curies":[{"name":"wp","href":"https:\/\/api.w.org\/{rel}","templated":true}]}}