{"id":14279,"date":"2024-09-13T09:19:44","date_gmt":"2024-09-13T12:19:44","guid":{"rendered":"https:\/\/www.confere.org.br\/wordpress\/?p=14279"},"modified":"2024-09-13T09:21:38","modified_gmt":"2024-09-13T12:21:38","slug":"core-sp-participa-da-reuniao-de-representantes-dos-conselhos-de-fiscalizacao-do-estado-de-sao-paulo-com-o-vice-governador-felicio-ramuth","status":"publish","type":"post","link":"https:\/\/www.confere.org.br\/wordpress\/core-sp-participa-da-reuniao-de-representantes-dos-conselhos-de-fiscalizacao-do-estado-de-sao-paulo-com-o-vice-governador-felicio-ramuth\/","title":{"rendered":"Core-SP participa de reuni\u00e3o de representantes dos conselhos de fiscaliza\u00e7\u00e3o do Estado de S\u00e3o Paulo com o vice-governador Fel\u00edcio Ramuth"},"content":{"rendered":"\n<p>O evento ocorreu no Sal\u00e3o dos Pratos do Pal\u00e1cio dos Bandeirantes e foi conduzido pelo presidente do CRECISP, Jos\u00e9 Augusto Viana Neto, que \u00e9 coordenador da C\u00e2mara.<\/p>\n<p>Ao longo da reuni\u00e3o, o vice-governador demonstrou seu interesse pelos Conselhos de Fiscaliza\u00e7\u00e3o, colocando seu gabinete \u00e0 disposi\u00e7\u00e3o como um canal de comunica\u00e7\u00e3o para que as demandas possam ser analisadas e a sociedade possa ser mais bem atendida por essas autarquias, j\u00e1 que todas t\u00eam atividades vinculadas a decis\u00f5es governamentais. Na sequ\u00eancia, tiveram a palavra os presidentes e representantes dos Conselhos, falando sobre as principais pautas pertinentes \u00e0s suas atividades profissionais que exijam medidas espec\u00edficas do poder p\u00fablico.<\/p>\n<p>O objetivo dessa aproxima\u00e7\u00e3o das entidades com o Governo \u00e9 esclarecer a import\u00e2ncia da regulamenta\u00e7\u00e3o das atividades para garantir que os melhores servi\u00e7os sejam prestados por profissionais capacitados e devidamente inscritos em seus Conselhos de Fiscaliza\u00e7\u00e3o.<\/p>\n<p>A C\u00e2mara \u00e9 composta por Conselhos de todas as profiss\u00f5es regulamentadas.\u00a0No encontro com Ramuth, al\u00e9m do Core-SP (representando pelo Diretor-Presidente Jos\u00e9 Luiz Abrantes Pereira e pelo Diretor- Tesoureiro F\u00e1bio Lu\u00eds Lofrano), estiveram presentes tamb\u00e9m, os presidentes dos Conselhos de Administra\u00e7\u00e3o (CRA-SP), Biblioteconomia (CRB-8), Biomedicina (CRBM), Biologia (CRBio), Contabilidade (CRC-SP),\u00a0 Corretores de Im\u00f3veis (CRECISP), Arquitetura e Urbanismo (CAU-SP), Economia (CoreconSP), Educa\u00e7\u00e3o F\u00edsica (CREF4-SP), Enfermagem (Coren-SP), Estat\u00edstica (Conre3), Farm\u00e1cia (CRF-SP), Fonoaudiologia (CRFa-SP), Nutri\u00e7\u00e3o (CRN-3), Odontologia (Crosp) Rela\u00e7\u00f5es P\u00fablicas (Conrerp-SP) e Despachantes Documentalistas (CRDD-SP); os vice-presidentes dos Conselhos de Medicina Veterin\u00e1ria (CRMV-SP), Qu\u00edmica (CRQ-IV), T\u00e9cnicos Industriais (CRT-SP), M\u00fasicos (OMB), Medicina (Cremesp) e Advogados (OAB-SP); e representantes de Psicologia (CRPSP), Fisioterapia e Terapia Ocupacional (Crefito-3) e Museologia (Corem-4R).<\/p>\n","protected":false},"excerpt":{"rendered":"<p>No dia 04 de setembro, a C\u00e2mara dos Profissionais Registrados em Conselhos e Ordens do Estado de S\u00e3o Paulo organizou uma audi\u00eancia com o vice-governador, Fel\u00edcio Ramuth, que contou com a participa\u00e7\u00e3o de 26 dirigentes dessas autarquias de fiscaliza\u00e7\u00e3o.<\/p>\n","protected":false},"author":8,"featured_media":14282,"comment_status":"closed","ping_status":"closed","sticky":false,"template":"","format":"standard","meta":[],"categories":[34,49],"tags":[],"_links":{"self":[{"href":"https:\/\/www.confere.org.br\/wordpress\/wp-json\/wp\/v2\/posts\/14279"}],"collection":[{"href":"https:\/\/www.confere.org.br\/wordpress\/wp-json\/wp\/v2\/posts"}],"about":[{"href":"https:\/\/www.confere.org.br\/wordpress\/wp-json\/wp\/v2\/types\/post"}],"author":[{"embeddable":true,"href":"https:\/\/www.confere.org.br\/wordpress\/wp-json\/wp\/v2\/users\/8"}],"replies":[{"embeddable":true,"href":"https:\/\/www.confere.org.br\/wordpress\/wp-json\/wp\/v2\/comments?post=14279"}],"version-history":[{"count":2,"href":"https:\/\/www.confere.org.br\/wordpress\/wp-json\/wp\/v2\/posts\/14279\/revisions"}],"predecessor-version":[{"id":14290,"href":"https:\/\/www.confere.org.br\/wordpress\/wp-json\/wp\/v2\/posts\/14279\/revisions\/14290"}],"wp:featuredmedia":[{"embeddable":true,"href":"https:\/\/www.confere.org.br\/wordpress\/wp-json\/wp\/v2\/media\/14282"}],"wp:attachment":[{"href":"https:\/\/www.confere.org.br\/wordpress\/wp-json\/wp\/v2\/media?parent=14279"}],"wp:term":[{"taxonomy":"category","embeddable":true,"href":"https:\/\/www.confere.org.br\/wordpress\/wp-json\/wp\/v2\/categories?post=14279"},{"taxonomy":"post_tag","embeddable":true,"href":"https:\/\/www.confere.org.br\/wordpress\/wp-json\/wp\/v2\/tags?post=14279"}],"curies":[{"name":"wp","href":"https:\/\/api.w.org\/{rel}","templated":true}]}}