{"id":14293,"date":"2024-09-13T10:02:04","date_gmt":"2024-09-13T13:02:04","guid":{"rendered":"https:\/\/www.confere.org.br\/wordpress\/?p=14293"},"modified":"2024-09-13T10:02:04","modified_gmt":"2024-09-13T13:02:04","slug":"presidente-do-confere-participa-da-entrega-oficial-da-cartilha-de-prevencao-ao-assedio-moral-e-sexual-no-core-sc","status":"publish","type":"post","link":"https:\/\/www.confere.org.br\/wordpress\/presidente-do-confere-participa-da-entrega-oficial-da-cartilha-de-prevencao-ao-assedio-moral-e-sexual-no-core-sc\/","title":{"rendered":"Presidente do Confere participa da entrega oficial da Cartilha de Preven\u00e7\u00e3o ao Ass\u00e9dio Moral e Sexual no Core-SC"},"content":{"rendered":"\n<p>A entrega da Cartilha de Preven\u00e7\u00e3o ao Ass\u00e9dio Moral e Sexual \u00e9 um importante marco no compromisso das entidades integrantes do Sistema Confere\/Cores com a promo\u00e7\u00e3o de um ambiente de trabalho seguro e respeitoso. O documento, que foi elaborado pela Comiss\u00e3o de Protagonismo Feminino, foi entregue durante a Reuni\u00e3o de Diretoria do Core-SC.<\/p>\n<p>A cartilha aborda, de forma clara e acess\u00edvel, os diferentes tipos de ass\u00e9dio, orienta\u00e7\u00f5es para identifica\u00e7\u00e3o, preven\u00e7\u00e3o e den\u00fancia, al\u00e9m de destacar o papel de todos os profissionais na constru\u00e7\u00e3o de um ambiente laboral mais \u00e9tico e igualit\u00e1rio.<\/p>\n<p>O presidente do Confere, Archimedes Cavalcanti J\u00fanior, ressaltou que a cartilha \u00e9 um instrumento crucial para assegurar que todos os colaboradores, sem distin\u00e7\u00e3o, possam atuar em um ambiente pautado pelo respeito e pela dignidade.<\/p>\n\n\n","protected":false},"excerpt":{"rendered":"<p>Na foto: Archimedes Cavalcanti J\u00fanior, presidente do Confere; Terezinha Emilia Turnes, Controladora do Core-SC; Jo\u00e3o Pedro da Silva Rosa, presidente do Core-SC; e Orivaldo Besen, vice-presidente do Core-SC.<\/p>\n","protected":false},"author":9,"featured_media":14294,"comment_status":"closed","ping_status":"closed","sticky":false,"template":"","format":"standard","meta":[],"categories":[34,49],"tags":[],"_links":{"self":[{"href":"https:\/\/www.confere.org.br\/wordpress\/wp-json\/wp\/v2\/posts\/14293"}],"collection":[{"href":"https:\/\/www.confere.org.br\/wordpress\/wp-json\/wp\/v2\/posts"}],"about":[{"href":"https:\/\/www.confere.org.br\/wordpress\/wp-json\/wp\/v2\/types\/post"}],"author":[{"embeddable":true,"href":"https:\/\/www.confere.org.br\/wordpress\/wp-json\/wp\/v2\/users\/9"}],"replies":[{"embeddable":true,"href":"https:\/\/www.confere.org.br\/wordpress\/wp-json\/wp\/v2\/comments?post=14293"}],"version-history":[{"count":1,"href":"https:\/\/www.confere.org.br\/wordpress\/wp-json\/wp\/v2\/posts\/14293\/revisions"}],"predecessor-version":[{"id":14295,"href":"https:\/\/www.confere.org.br\/wordpress\/wp-json\/wp\/v2\/posts\/14293\/revisions\/14295"}],"wp:featuredmedia":[{"embeddable":true,"href":"https:\/\/www.confere.org.br\/wordpress\/wp-json\/wp\/v2\/media\/14294"}],"wp:attachment":[{"href":"https:\/\/www.confere.org.br\/wordpress\/wp-json\/wp\/v2\/media?parent=14293"}],"wp:term":[{"taxonomy":"category","embeddable":true,"href":"https:\/\/www.confere.org.br\/wordpress\/wp-json\/wp\/v2\/categories?post=14293"},{"taxonomy":"post_tag","embeddable":true,"href":"https:\/\/www.confere.org.br\/wordpress\/wp-json\/wp\/v2\/tags?post=14293"}],"curies":[{"name":"wp","href":"https:\/\/api.w.org\/{rel}","templated":true}]}}