{"id":14303,"date":"2024-09-17T14:27:50","date_gmt":"2024-09-17T17:27:50","guid":{"rendered":"https:\/\/www.confere.org.br\/wordpress\/?p=14303"},"modified":"2024-09-17T14:28:33","modified_gmt":"2024-09-17T17:28:33","slug":"setor-de-supermercados-teve-aumento-de-51-no-volume-de-vendas-em-agosto","status":"publish","type":"post","link":"https:\/\/www.confere.org.br\/wordpress\/setor-de-supermercados-teve-aumento-de-51-no-volume-de-vendas-em-agosto\/","title":{"rendered":"Setor de supermercados teve aumento de 5,1% no volume de vendas em agosto"},"content":{"rendered":"\n<div>\n<p>O \u00cdndice de Atividade Econ\u00f4mica Stone Varejo apontou crescimento de 5,1% do volume de vendas do setor de hipermercados, supermercados, produtos aliment\u00edcios, bebidas e fumo em agosto, na compara\u00e7\u00e3o mensal.<\/p>\n<p>Entre os seis segmentos analisados, outros dois registraram alta mensal: artigos farmac\u00eauticos (1,3%); e tecidos, vestu\u00e1rios e cal\u00e7ados (1,1%). Em contrapartida, os outros tr\u00eas segmentos apresentaram queda: material de constru\u00e7\u00e3o, com uma baixa de 1,9%; livros, jornais, revistas e papelaria (1,5%); m\u00f3veis e eletrodom\u00e9sticos (0,3%).<\/p>\n<\/div>\n<div>\n<p><b>Destaques regionais<\/b><\/p>\n<\/div>\n<div>\n<p>No recorte regional, 20 estados apresentaram resultados positivos no comparativo anual: Roraima (12,5%), Amazonas (8,0%), Rio Grande do Sul (6,6%), Maranh\u00e3o (5,9%), Amap\u00e1 e Pernambuco (5,0%), Goi\u00e1s (4,9%), Par\u00e1 (4,8%), Rio Grande do Norte (4,0%), Paran\u00e1 (3,8%), Esp\u00edrito Santo (3,6%), Para\u00edba (3,1%), Minas Gerais (2,9%), Sergipe (2,0%), Bahia (1,9%), Piau\u00ed e Alagoas (1,8%), Rio de Janeiro (1,5%), S\u00e3o Paulo (1,3%) e Santa Catarina (0,4%).<\/p>\n<p>J\u00e1 entre os resultados negativos, sete estados apresentaram queda no comparativo ano contra ano: Rond\u00f4nia (9,8%), Rio de Janeiro (1,5%), Mato Grosso (1,1%), Acre (0,6%), Tocantins e Mato Grosso do Sul (0,4%) e Cear\u00e1 (0,3%). O Distrito Federal tamb\u00e9m registrou queda de 1,2%.<\/p>\n<p>Fonte: Super Varejo<\/p>\n<\/div>\n","protected":false},"excerpt":{"rendered":"<p>Outros segmentos que registraram crescimento foram artigos farmac\u00eauticos; e tecidos, vestu\u00e1rios e cal\u00e7ados<\/p>\n","protected":false},"author":3,"featured_media":12390,"comment_status":"closed","ping_status":"closed","sticky":false,"template":"","format":"standard","meta":[],"categories":[2],"tags":[],"_links":{"self":[{"href":"https:\/\/www.confere.org.br\/wordpress\/wp-json\/wp\/v2\/posts\/14303"}],"collection":[{"href":"https:\/\/www.confere.org.br\/wordpress\/wp-json\/wp\/v2\/posts"}],"about":[{"href":"https:\/\/www.confere.org.br\/wordpress\/wp-json\/wp\/v2\/types\/post"}],"author":[{"embeddable":true,"href":"https:\/\/www.confere.org.br\/wordpress\/wp-json\/wp\/v2\/users\/3"}],"replies":[{"embeddable":true,"href":"https:\/\/www.confere.org.br\/wordpress\/wp-json\/wp\/v2\/comments?post=14303"}],"version-history":[{"count":1,"href":"https:\/\/www.confere.org.br\/wordpress\/wp-json\/wp\/v2\/posts\/14303\/revisions"}],"predecessor-version":[{"id":14304,"href":"https:\/\/www.confere.org.br\/wordpress\/wp-json\/wp\/v2\/posts\/14303\/revisions\/14304"}],"wp:featuredmedia":[{"embeddable":true,"href":"https:\/\/www.confere.org.br\/wordpress\/wp-json\/wp\/v2\/media\/12390"}],"wp:attachment":[{"href":"https:\/\/www.confere.org.br\/wordpress\/wp-json\/wp\/v2\/media?parent=14303"}],"wp:term":[{"taxonomy":"category","embeddable":true,"href":"https:\/\/www.confere.org.br\/wordpress\/wp-json\/wp\/v2\/categories?post=14303"},{"taxonomy":"post_tag","embeddable":true,"href":"https:\/\/www.confere.org.br\/wordpress\/wp-json\/wp\/v2\/tags?post=14303"}],"curies":[{"name":"wp","href":"https:\/\/api.w.org\/{rel}","templated":true}]}}