{"id":14305,"date":"2024-09-19T09:40:14","date_gmt":"2024-09-19T12:40:14","guid":{"rendered":"https:\/\/www.confere.org.br\/wordpress\/?p=14305"},"modified":"2024-09-19T09:44:01","modified_gmt":"2024-09-19T12:44:01","slug":"palestra-o-representante-comercial-do-futuro-leva-conhecimento-e-inovacao-ao-interior-de-sao-paulo","status":"publish","type":"post","link":"https:\/\/www.confere.org.br\/wordpress\/palestra-o-representante-comercial-do-futuro-leva-conhecimento-e-inovacao-ao-interior-de-sao-paulo\/","title":{"rendered":"Palestra &#8220;O Representante Comercial do Futuro&#8221; leva conhecimento e inova\u00e7\u00e3o ao interior de S\u00e3o Paulo"},"content":{"rendered":"\n<p>Na \u00faltima ter\u00e7a-feira, dia 17 de setembro, a cidade de Santos foi palco do primeiro encontro, que aconteceu na Av. Conselheiro N\u00e9bias. Com uma audi\u00eancia composta por representantes comerciais e empres\u00e1rios da regi\u00e3o, o evento discutiu o novo perfil do profissional de vendas, a economia da experi\u00eancia e as 6 fases do ciclo de vendas. A abordagem din\u00e2mica do palestrante Jos\u00e9 Ricardo Noronha proporcionou uma nova perspectiva sobre como potencializar resultados por meio de vendas consultivas de alta performance e negocia\u00e7\u00e3o ganha-ganha no modelo de Harvard.<\/p>\n<p>No dia seguinte, 18 de setembro, foi a vez de S\u00e3o Jos\u00e9 dos Campos receber a palestra, realizada na ACI \u2013 Associa\u00e7\u00e3o Comercial e Industrial. O evento destacou a import\u00e2ncia da adapta\u00e7\u00e3o \u00e0s novas din\u00e2micas de mercado e refor\u00e7ou como os representantes comerciais podem ser agentes estrat\u00e9gicos na cria\u00e7\u00e3o de valor para as empresas. Noronha, CEO da Paix\u00e3o por Vendas e um dos mais respeitados consultores do pa\u00eds, compartilhou sua experi\u00eancia em capacitar equipes de vendas, utilizando t\u00e9cnicas inovadoras para fidelizar clientes e alavancar os neg\u00f3cios.<\/p>\n<p>Com forma\u00e7\u00e3o em institui\u00e7\u00f5es renomadas como a Harvard Law School e a Columbia University, Jos\u00e9 Ricardo Noronha \u00e9 reconhecido nacional e internacionalmente por sua capacidade de transformar a forma como empresas e profissionais abordam o processo de vendas. Durante as palestras, ele ressaltou que o futuro do representante comercial depende de uma atua\u00e7\u00e3o consultiva, focada em entender profundamente as necessidades dos clientes e oferecer solu\u00e7\u00f5es sob medida.<\/p>\n<p>A iniciativa do Sistema Confere\/Cores em levar conhecimento e desenvolvimento profissional a todo Brasil reflete o compromisso com a capacita\u00e7\u00e3o cont\u00ednua e a valoriza\u00e7\u00e3o dos representantes comerciais. Os participantes sa\u00edram dos eventos com uma vis\u00e3o renovada sobre o papel do representante comercial e preparados para aplicar as novas pr\u00e1ticas em seu dia a dia, contribuindo para um mercado mais competitivo e eficiente.<\/p>\n<p>As pr\u00f3ximas edi\u00e7\u00f5es da palestra j\u00e1 est\u00e3o programadas para outras regi\u00f5es do Pa\u00eds. Para mais informa\u00e7\u00f5es sobre datas e locais, <a href=\"https:\/\/www.confere.org.br\/eventos.php\">clique aqui.<\/a><\/p>\n","protected":false},"excerpt":{"rendered":"<p>Nesta semana, o Confere e o Core-SP promoveram duas edi\u00e7\u00f5es da palestra \u201cO Representante Comercial do Futuro\u201d no interior de S\u00e3o Paulo, abordando temas inovadores e de grande relev\u00e2ncia para a Representa\u00e7\u00e3o Comercial. Os eventos, realizados em Santos e S\u00e3o Jos\u00e9 dos Campos, reuniram dezenas de profissionais da \u00e1rea em busca de atualiza\u00e7\u00e3o e aperfei\u00e7oamento para enfrentar os desafios do mercado atual.<\/p>\n","protected":false},"author":3,"featured_media":14306,"comment_status":"closed","ping_status":"closed","sticky":false,"template":"","format":"standard","meta":[],"categories":[34,49],"tags":[],"_links":{"self":[{"href":"https:\/\/www.confere.org.br\/wordpress\/wp-json\/wp\/v2\/posts\/14305"}],"collection":[{"href":"https:\/\/www.confere.org.br\/wordpress\/wp-json\/wp\/v2\/posts"}],"about":[{"href":"https:\/\/www.confere.org.br\/wordpress\/wp-json\/wp\/v2\/types\/post"}],"author":[{"embeddable":true,"href":"https:\/\/www.confere.org.br\/wordpress\/wp-json\/wp\/v2\/users\/3"}],"replies":[{"embeddable":true,"href":"https:\/\/www.confere.org.br\/wordpress\/wp-json\/wp\/v2\/comments?post=14305"}],"version-history":[{"count":2,"href":"https:\/\/www.confere.org.br\/wordpress\/wp-json\/wp\/v2\/posts\/14305\/revisions"}],"predecessor-version":[{"id":14308,"href":"https:\/\/www.confere.org.br\/wordpress\/wp-json\/wp\/v2\/posts\/14305\/revisions\/14308"}],"wp:featuredmedia":[{"embeddable":true,"href":"https:\/\/www.confere.org.br\/wordpress\/wp-json\/wp\/v2\/media\/14306"}],"wp:attachment":[{"href":"https:\/\/www.confere.org.br\/wordpress\/wp-json\/wp\/v2\/media?parent=14305"}],"wp:term":[{"taxonomy":"category","embeddable":true,"href":"https:\/\/www.confere.org.br\/wordpress\/wp-json\/wp\/v2\/categories?post=14305"},{"taxonomy":"post_tag","embeddable":true,"href":"https:\/\/www.confere.org.br\/wordpress\/wp-json\/wp\/v2\/tags?post=14305"}],"curies":[{"name":"wp","href":"https:\/\/api.w.org\/{rel}","templated":true}]}}