{"id":14337,"date":"2024-09-23T09:36:38","date_gmt":"2024-09-23T12:36:38","guid":{"rendered":"https:\/\/www.confere.org.br\/wordpress\/?p=14337"},"modified":"2024-09-23T09:51:02","modified_gmt":"2024-09-23T12:51:02","slug":"core-al-e-confere-celebram-representantes-comerciais-com-a-entrega-do-trofeu-o-mascate","status":"publish","type":"post","link":"https:\/\/www.confere.org.br\/wordpress\/core-al-e-confere-celebram-representantes-comerciais-com-a-entrega-do-trofeu-o-mascate\/","title":{"rendered":"Core-AL e Confere celebram representantes comerciais com a entrega do Trof\u00e9u O Mascate"},"content":{"rendered":"\n\n\n<p><strong>Homenageados com o Trof\u00e9u O Mascate<\/strong><\/p>\n\n\n\n<p>\u00c1lvaro Mendon\u00e7a, presidente de honra da Caraj\u00e1s Home Center, em reconhecimento ao seu trabalho e contribui\u00e7\u00e3o para o setor comercial.<\/p>\n\n\n\n<p>Ademilton Ferreira de Oliveira, do segmento de material de constru\u00e7\u00e3o, com uma trajet\u00f3ria desde 1979.<\/p>\n\n\n\n<p>Jorge de Castro Freitag, do segmento de alimentos, atuando desde 1997.<\/p>\n\n\n\n<p>Jos\u00e9 da Silva Dornelas, tamb\u00e9m do segmento de material de constru\u00e7\u00e3o, com atua\u00e7\u00e3o desde 1987.<\/p>\n\n\n\n<p>Durante o evento, o presidente do Core-AL, Manoel Ba\u00eda Siqueira Neto, tamb\u00e9m foi agraciado com a Comenda Dr. Pl\u00ednio Affonso de Farias Mello, a mais alta honraria concedida pelo Conselho. A comenda, composta por medalha e diploma de honra ao m\u00e9rito, reconhece a dedica\u00e7\u00e3o e o comprometimento de Ba\u00eda, que, completou, em 2024, 32 anos como representante comercial.<\/p>\n\n\n\n<p>Al\u00e9m das homenagens, o evento contou com a palestra \u201cO Representante Comercial do Futuro\u201d, ministrada por Jos\u00e9 Ricardo Noronha, CEO da Paix\u00e3o por Vendas e um dos mais respeitados consultores de vendas do Brasil. A apresenta\u00e7\u00e3o abordou temas como Vendas Consultivas de Alta Performance, o novo perfil do representante comercial, economia da experi\u00eancia e as 6 fases do ciclo de vendas, al\u00e9m de t\u00e9cnicas de negocia\u00e7\u00e3o ganha-ganha no modelo de Harvard. Noronha compartilhou suas experi\u00eancias e estrat\u00e9gias para aumentar resultados e fidelizar clientes, proporcionando aos participantes uma vis\u00e3o moderna e din\u00e2mica sobre como enfrentar os desafios do mercado atual.<\/p>\n\n\n\n<p>A iniciativa do Sistema Confere\/Cores em levar conhecimento e desenvolvimento profissional a todo o Brasil reflete o compromisso com a capacita\u00e7\u00e3o cont\u00ednua e a valoriza\u00e7\u00e3o dos representantes comerciais.<\/p>\n\n\n\n<p>As pr\u00f3ximas edi\u00e7\u00f5es da palestra j\u00e1 est\u00e3o programadas para outras regi\u00f5es do Pa\u00eds. Para mais informa\u00e7\u00f5es sobre datas e locais, acesse o site do Confere: <a href=\"http:\/\/www.confere.org.br\">www.confere.org.br<\/a> ou link na Bio.<\/p>\n\n\n","protected":false},"excerpt":{"rendered":"<p>Na \u00faltima sexta-feira, 20 de setembro, o Core-AL e o Confere realizaram um evento especial no audit\u00f3rio do Senac para homenagear e valorizar a trajet\u00f3ria dos representantes comerciais que contribuem para o desenvolvimento do estado.<\/p>\n","protected":false},"author":8,"featured_media":14339,"comment_status":"closed","ping_status":"closed","sticky":false,"template":"","format":"standard","meta":[],"categories":[34,49],"tags":[],"_links":{"self":[{"href":"https:\/\/www.confere.org.br\/wordpress\/wp-json\/wp\/v2\/posts\/14337"}],"collection":[{"href":"https:\/\/www.confere.org.br\/wordpress\/wp-json\/wp\/v2\/posts"}],"about":[{"href":"https:\/\/www.confere.org.br\/wordpress\/wp-json\/wp\/v2\/types\/post"}],"author":[{"embeddable":true,"href":"https:\/\/www.confere.org.br\/wordpress\/wp-json\/wp\/v2\/users\/8"}],"replies":[{"embeddable":true,"href":"https:\/\/www.confere.org.br\/wordpress\/wp-json\/wp\/v2\/comments?post=14337"}],"version-history":[{"count":1,"href":"https:\/\/www.confere.org.br\/wordpress\/wp-json\/wp\/v2\/posts\/14337\/revisions"}],"predecessor-version":[{"id":14338,"href":"https:\/\/www.confere.org.br\/wordpress\/wp-json\/wp\/v2\/posts\/14337\/revisions\/14338"}],"wp:featuredmedia":[{"embeddable":true,"href":"https:\/\/www.confere.org.br\/wordpress\/wp-json\/wp\/v2\/media\/14339"}],"wp:attachment":[{"href":"https:\/\/www.confere.org.br\/wordpress\/wp-json\/wp\/v2\/media?parent=14337"}],"wp:term":[{"taxonomy":"category","embeddable":true,"href":"https:\/\/www.confere.org.br\/wordpress\/wp-json\/wp\/v2\/categories?post=14337"},{"taxonomy":"post_tag","embeddable":true,"href":"https:\/\/www.confere.org.br\/wordpress\/wp-json\/wp\/v2\/tags?post=14337"}],"curies":[{"name":"wp","href":"https:\/\/api.w.org\/{rel}","templated":true}]}}