{"id":14350,"date":"2024-09-24T12:07:29","date_gmt":"2024-09-24T15:07:29","guid":{"rendered":"https:\/\/www.confere.org.br\/wordpress\/?p=14350"},"modified":"2024-09-24T12:07:29","modified_gmt":"2024-09-24T15:07:29","slug":"o-representante-comercial-do-futuro-leva-conhecimento-e-inspiracao-a-porto-velho","status":"publish","type":"post","link":"https:\/\/www.confere.org.br\/wordpress\/o-representante-comercial-do-futuro-leva-conhecimento-e-inspiracao-a-porto-velho\/","title":{"rendered":"&#8220;O Representante Comercial do Futuro&#8221; leva conhecimento e inspira\u00e7\u00e3o a Porto Velho"},"content":{"rendered":"\n<p>Com uma abordagem din\u00e2mica e envolvente, Noronha compartilhou sua vasta experi\u00eancia em Vendas Consultivas de Alta Performance, destacando a import\u00e2ncia de uma atua\u00e7\u00e3o focada nas necessidades dos clientes e na constru\u00e7\u00e3o de relacionamentos s\u00f3lidos. Entre os t\u00f3picos abordados, destacaram-se o novo perfil do representante comercial, a economia da experi\u00eancia e as 6 fases do ciclo de vendas, al\u00e9m de estrat\u00e9gias de negocia\u00e7\u00e3o ganha-ganha no modelo de Harvard.<\/p>\n<p>O evento proporcionou uma oportunidade \u00fanica para os participantes atualizarem suas pr\u00e1ticas comerciais e adquirirem novas habilidades, essenciais para enfrentar os desafios de um mercado em constante evolu\u00e7\u00e3o. Al\u00e9m de t\u00e9cnicas inovadoras, Noronha enfatizou a import\u00e2ncia de um mindset voltado para a \u00e9tica, a excel\u00eancia e o crescimento profissional cont\u00ednuo.<\/p>\n<p>O sucesso da palestra em Porto Velho reflete o compromisso do Sistema Confere\/Cores em promover o desenvolvimento e a capacita\u00e7\u00e3o dos representantes comerciais em todo o Brasil. Com cada vez mais profissionais preparados para atuar de maneira estrat\u00e9gica e eficaz, o futuro da representa\u00e7\u00e3o comercial se mostra promissor e repleto de oportunidades.<\/p>\n<p>O encontro deixou um legado de conhecimento e motiva\u00e7\u00e3o para todos os presentes, que sa\u00edram inspirados a implementar mudan\u00e7as positivas em suas trajet\u00f3rias profissionais. Fique atento \u00e0s pr\u00f3ximas datas e fa\u00e7a parte dessa revolu\u00e7\u00e3o no mercado de vendas!<\/p>\n\n\n","protected":false},"excerpt":{"rendered":"<p>Na \u00faltima ter\u00e7a-feira, 19 de setembro, o Audit\u00f3rio do SESC, em Porto Velho, foi palco de um evento que marcou a transforma\u00e7\u00e3o do cen\u00e1rio de vendas na regi\u00e3o. A palestra \u201cO Representante Comercial do Futuro\u201d, conduzida pelo renomado consultor Jos\u00e9 Ricardo Noronha, reuniu representantes comerciais e empres\u00e1rios de diversos setores para discutir as tend\u00eancias e inova\u00e7\u00f5es que est\u00e3o moldando o futuro da profiss\u00e3o.<\/p>\n","protected":false},"author":9,"featured_media":14351,"comment_status":"closed","ping_status":"closed","sticky":false,"template":"","format":"standard","meta":[],"categories":[34,49],"tags":[],"_links":{"self":[{"href":"https:\/\/www.confere.org.br\/wordpress\/wp-json\/wp\/v2\/posts\/14350"}],"collection":[{"href":"https:\/\/www.confere.org.br\/wordpress\/wp-json\/wp\/v2\/posts"}],"about":[{"href":"https:\/\/www.confere.org.br\/wordpress\/wp-json\/wp\/v2\/types\/post"}],"author":[{"embeddable":true,"href":"https:\/\/www.confere.org.br\/wordpress\/wp-json\/wp\/v2\/users\/9"}],"replies":[{"embeddable":true,"href":"https:\/\/www.confere.org.br\/wordpress\/wp-json\/wp\/v2\/comments?post=14350"}],"version-history":[{"count":1,"href":"https:\/\/www.confere.org.br\/wordpress\/wp-json\/wp\/v2\/posts\/14350\/revisions"}],"predecessor-version":[{"id":14352,"href":"https:\/\/www.confere.org.br\/wordpress\/wp-json\/wp\/v2\/posts\/14350\/revisions\/14352"}],"wp:featuredmedia":[{"embeddable":true,"href":"https:\/\/www.confere.org.br\/wordpress\/wp-json\/wp\/v2\/media\/14351"}],"wp:attachment":[{"href":"https:\/\/www.confere.org.br\/wordpress\/wp-json\/wp\/v2\/media?parent=14350"}],"wp:term":[{"taxonomy":"category","embeddable":true,"href":"https:\/\/www.confere.org.br\/wordpress\/wp-json\/wp\/v2\/categories?post=14350"},{"taxonomy":"post_tag","embeddable":true,"href":"https:\/\/www.confere.org.br\/wordpress\/wp-json\/wp\/v2\/tags?post=14350"}],"curies":[{"name":"wp","href":"https:\/\/api.w.org\/{rel}","templated":true}]}}