{"id":14362,"date":"2024-09-25T10:57:33","date_gmt":"2024-09-25T13:57:33","guid":{"rendered":"https:\/\/www.confere.org.br\/wordpress\/?p=14362"},"modified":"2025-02-06T16:12:14","modified_gmt":"2025-02-06T19:12:14","slug":"exposicao-do-caixeiro-viajante-a-representacao-comercial","status":"publish","type":"post","link":"https:\/\/www.confere.org.br\/wordpress\/exposicao-do-caixeiro-viajante-a-representacao-comercial\/","title":{"rendered":"Exposi\u00e7\u00e3o \u201cDo Caixeiro Viajante \u00e0 Representa\u00e7\u00e3o Comercial\u201d"},"content":{"rendered":"\n<p>A abertura oficial da mostra ser\u00e1 marcada por uma cerim\u00f4nia institucional no dia 21 de outubro, \u00e0s 16h, com homenagens a representantes comerciais que se destacam pela antiguidade de registro e pela conduta profissional exemplar. A premia\u00e7\u00e3o ser\u00e1 organizada por regi\u00f5es, reconhecendo a trajet\u00f3ria e o compromisso desses profissionais.<\/p>\n<p>A exposi\u00e7\u00e3o, que j\u00e1 foi apresentada na Assembleia Legislativa do Estado de S\u00e3o Paulo e na Assembleia Legislativa do Estado do Cear\u00e1, conta a hist\u00f3ria do Representante Comercial em formato de linha do tempo. A mostra explora a evolu\u00e7\u00e3o da profiss\u00e3o desde o Caixeiro Viajante e o Mascate, figuras pioneiras que, ao longo do tempo, moldaram a identidade do Representante Comercial moderno.<\/p>\n<p>Composta por aproximadamente 40 totens, a exposi\u00e7\u00e3o revela a origem e os marcos hist\u00f3ricos de uma das mais antigas profiss\u00f5es do mundo, desde as pr\u00e1ticas comerciais na Antiga \u00cdndia, passando pela influ\u00eancia dos libaneses e \u00e1rabes, com destaque para o Legado Fen\u00edcio, at\u00e9 o in\u00edcio da atividade no Brasil e os desafios enfrentados para a regulamenta\u00e7\u00e3o da profiss\u00e3o, consolidada pela Lei n\u00ba 4886\/65.<\/p>\n<p><strong>Valoriza\u00e7\u00e3o da Profiss\u00e3o<\/strong><\/p>\n<p>Segundo o presidente do Core-ES, Marcelo Marino Simonetti, a exposi\u00e7\u00e3o visa destacar a relev\u00e2ncia dos representantes comerciais para a economia brasileira. \u201cOs representantes comerciais s\u00e3o essenciais para a economia nacional, atuando como um elo fundamental na cadeia de suprimentos e distribui\u00e7\u00e3o de produtos e servi\u00e7os. Nosso objetivo \u00e9 valorizar essa profiss\u00e3o, que muitas vezes n\u00e3o \u00e9 devidamente reconhecida pelos diversos setores da sociedade\u201d, afirmou Simonetti.<\/p>\n<p>Atualmente, o Esp\u00edrito Santo possui cerca de 20 mil profissionais ativos registrados no Conselho Profissional, enquanto, em \u00e2mbito nacional, esse n\u00famero chega a quase 1 milh\u00e3o de representantes comerciais.<\/p>\n<h3>Servi\u00e7o:<\/h3>\n<p><strong>Exposi\u00e7\u00e3o \u201cDo Caixeiro Viajante \u00e0 Representa\u00e7\u00e3o Comercial\u201d<\/strong><br \/>Data: 21 de outubro a 01 de novembro de 2024<br \/>Local: Espa\u00e7o de Artes Elp\u00eddio Malaquias, na Assembleia Legislativa do Estado do Esp\u00edrito Santo<br \/>Endere\u00e7o: Av. Am\u00e9rico Buaiz, 205 &#8211; Enseada do Su\u00e1, Vit\u00f3ria \u2013 ES<br \/>Hor\u00e1rio de Funcionamento: De segunda a sexta-feira, das 7h \u00e0s 19h<\/p>\n","protected":false},"excerpt":{"rendered":"<p>O Core-ES apresentar\u00e1 a exposi\u00e7\u00e3o \u201cDo Caixeiro Viajante \u00e0 Representa\u00e7\u00e3o Comercial\u201d, de 21 de outubro a 01 de novembro de 2024, no Espa\u00e7o de Artes Elp\u00eddio Malaquias, na Assembleia Legislativa do Estado do Esp\u00edrito Santo, em Vit\u00f3ria.<\/p>\n","protected":false},"author":3,"featured_media":14364,"comment_status":"closed","ping_status":"closed","sticky":false,"template":"","format":"standard","meta":[],"categories":[34,49,17],"tags":[],"_links":{"self":[{"href":"https:\/\/www.confere.org.br\/wordpress\/wp-json\/wp\/v2\/posts\/14362"}],"collection":[{"href":"https:\/\/www.confere.org.br\/wordpress\/wp-json\/wp\/v2\/posts"}],"about":[{"href":"https:\/\/www.confere.org.br\/wordpress\/wp-json\/wp\/v2\/types\/post"}],"author":[{"embeddable":true,"href":"https:\/\/www.confere.org.br\/wordpress\/wp-json\/wp\/v2\/users\/3"}],"replies":[{"embeddable":true,"href":"https:\/\/www.confere.org.br\/wordpress\/wp-json\/wp\/v2\/comments?post=14362"}],"version-history":[{"count":3,"href":"https:\/\/www.confere.org.br\/wordpress\/wp-json\/wp\/v2\/posts\/14362\/revisions"}],"predecessor-version":[{"id":14433,"href":"https:\/\/www.confere.org.br\/wordpress\/wp-json\/wp\/v2\/posts\/14362\/revisions\/14433"}],"wp:featuredmedia":[{"embeddable":true,"href":"https:\/\/www.confere.org.br\/wordpress\/wp-json\/wp\/v2\/media\/14364"}],"wp:attachment":[{"href":"https:\/\/www.confere.org.br\/wordpress\/wp-json\/wp\/v2\/media?parent=14362"}],"wp:term":[{"taxonomy":"category","embeddable":true,"href":"https:\/\/www.confere.org.br\/wordpress\/wp-json\/wp\/v2\/categories?post=14362"},{"taxonomy":"post_tag","embeddable":true,"href":"https:\/\/www.confere.org.br\/wordpress\/wp-json\/wp\/v2\/tags?post=14362"}],"curies":[{"name":"wp","href":"https:\/\/api.w.org\/{rel}","templated":true}]}}