{"id":14373,"date":"2024-09-26T10:49:56","date_gmt":"2024-09-26T13:49:56","guid":{"rendered":"https:\/\/www.confere.org.br\/wordpress\/?p=14373"},"modified":"2024-09-26T10:58:08","modified_gmt":"2024-09-26T13:58:08","slug":"resolucao-no-2-130-2024","status":"publish","type":"post","link":"https:\/\/www.confere.org.br\/wordpress\/resolucao-no-2-130-2024\/","title":{"rendered":"2024 &#8211; Resolu\u00e7\u00e3o n\u00ba 2.130"},"content":{"rendered":"\n<p>Corrige os valores m\u00e1ximos autorizados pela Lei n\u00ba 4.886, de 09.12.1965, com as altera\u00e7\u00f5es da Lei n\u00ba 12.246, de 27.05.2010, e fixa as anuidades para o exerc\u00edcio de 2025, que ser\u00e3o cobradas pelos Conselhos Regionais dos Representantes Comerciais das pessoas f\u00edsicas e jur\u00eddicas neles registradas e d\u00e1 outras provid\u00eancias.<\/p>\n<p><a href=\"https:\/\/www.confere.org.br\/wordpress\/wp-content\/uploads\/2024\/09\/res-anuidades-2025.pdf\">https:\/\/www.confere.org.br\/wordpress\/wp-content\/uploads\/2024\/09\/res-anuidades-2025.pdf<\/a><\/p>\n","protected":false},"excerpt":{"rendered":"<p>2.130, Resolu\u00e7\u00e3o, https:\/\/www.confere.org.br\/wordpress\/wp-content\/uploads\/2024\/09\/res-anuidades-2025.pdf<\/p>\n","protected":false},"author":7,"featured_media":0,"comment_status":"closed","ping_status":"closed","sticky":false,"template":"","format":"standard","meta":[],"categories":[18,52],"tags":[],"_links":{"self":[{"href":"https:\/\/www.confere.org.br\/wordpress\/wp-json\/wp\/v2\/posts\/14373"}],"collection":[{"href":"https:\/\/www.confere.org.br\/wordpress\/wp-json\/wp\/v2\/posts"}],"about":[{"href":"https:\/\/www.confere.org.br\/wordpress\/wp-json\/wp\/v2\/types\/post"}],"author":[{"embeddable":true,"href":"https:\/\/www.confere.org.br\/wordpress\/wp-json\/wp\/v2\/users\/7"}],"replies":[{"embeddable":true,"href":"https:\/\/www.confere.org.br\/wordpress\/wp-json\/wp\/v2\/comments?post=14373"}],"version-history":[{"count":2,"href":"https:\/\/www.confere.org.br\/wordpress\/wp-json\/wp\/v2\/posts\/14373\/revisions"}],"predecessor-version":[{"id":14378,"href":"https:\/\/www.confere.org.br\/wordpress\/wp-json\/wp\/v2\/posts\/14373\/revisions\/14378"}],"wp:attachment":[{"href":"https:\/\/www.confere.org.br\/wordpress\/wp-json\/wp\/v2\/media?parent=14373"}],"wp:term":[{"taxonomy":"category","embeddable":true,"href":"https:\/\/www.confere.org.br\/wordpress\/wp-json\/wp\/v2\/categories?post=14373"},{"taxonomy":"post_tag","embeddable":true,"href":"https:\/\/www.confere.org.br\/wordpress\/wp-json\/wp\/v2\/tags?post=14373"}],"curies":[{"name":"wp","href":"https:\/\/api.w.org\/{rel}","templated":true}]}}