{"id":14379,"date":"2024-09-26T16:14:26","date_gmt":"2024-09-26T19:14:26","guid":{"rendered":"https:\/\/www.confere.org.br\/wordpress\/?p=14379"},"modified":"2024-11-01T17:00:52","modified_gmt":"2024-11-01T20:00:52","slug":"processo-administrativo-de-contratacao-direta-no-015-2024-dispensa-eletronica-no-90-017-2024-servico-movel-pessoal-de-10-dez-linhas","status":"publish","type":"post","link":"https:\/\/www.confere.org.br\/wordpress\/processo-administrativo-de-contratacao-direta-no-015-2024-dispensa-eletronica-no-90-017-2024-servico-movel-pessoal-de-10-dez-linhas\/","title":{"rendered":"Processo Administrativo de Contrata\u00e7\u00e3o Direta N\u00ba 015\/2024 &#8211; Dispensa Eletr\u00f4nica N\u00ba 90.017\/2024 &#8211; Servi\u00e7o M\u00f3vel Pessoal de 10 (dez) linhas"},"content":{"rendered":"\n<ul data-editing-info=\"{&quot;orderedStyleType&quot;:1,&quot;unorderedStyleType&quot;:1}\">\n<li>\n<div><a href=\"https:\/\/www.confere.org.br\/wordpress\/wp-content\/uploads\/2024\/09\/Edital_LINHAS_TELEFONICAS.pdf\">Termo de Refer\u00eancia<\/a><\/div>\n<\/li>\n<li>\n<div class=\"x_elementToProof\">Link PNCP: <a id=\"LPlnk216035\" class=\"x_OWAAutoLink\" href=\"https:\/\/pncp.gov.br\/app\/editais\/34046367000168\/2024\/22\" target=\"_blank\" rel=\"noopener noreferrer\" data-auth=\"NotApplicable\" data-linkindex=\"0\">https:\/\/pncp.gov.br\/app\/editais\/34046367000168\/2024\/22<\/a><\/div>\n<\/li>\n<li>\n<div><a href=\"https:\/\/www.confere.org.br\/wordpress\/wp-content\/uploads\/2024\/09\/DESPACHO_PARA_PUBLICACAO_editado.pdf\">Autoriza\u00e7\u00e3o do Ordenador de Despesa<\/a><\/div>\n<\/li>\n<li>\n<div class=\"x_elementToProof\">Data da sess\u00e3o: 01\/10\/2024<\/div>\n<\/li>\n<li><a href=\"https:\/\/www.confere.org.br\/wordpress\/wp-content\/uploads\/2024\/11\/relatorio_dispensa_38904706900172024.pdf\">Relat\u00f3rio homologado: 09.10.2024<\/a><\/li>\n<\/ul>\n\n\n","protected":false},"excerpt":{"rendered":"<p>Termo de Refer\u00eancia Link PNCP: https:\/\/pncp.gov.br\/app\/editais\/34046367000168\/2024\/22 Autoriza\u00e7\u00e3o do Ordenador de Despesa Data da sess\u00e3o: 01\/10\/2024 Relat\u00f3rio homologado: 09.10.2024<\/p>\n","protected":false},"author":8,"featured_media":0,"comment_status":"closed","ping_status":"closed","sticky":false,"template":"","format":"standard","meta":[],"categories":[60],"tags":[],"_links":{"self":[{"href":"https:\/\/www.confere.org.br\/wordpress\/wp-json\/wp\/v2\/posts\/14379"}],"collection":[{"href":"https:\/\/www.confere.org.br\/wordpress\/wp-json\/wp\/v2\/posts"}],"about":[{"href":"https:\/\/www.confere.org.br\/wordpress\/wp-json\/wp\/v2\/types\/post"}],"author":[{"embeddable":true,"href":"https:\/\/www.confere.org.br\/wordpress\/wp-json\/wp\/v2\/users\/8"}],"replies":[{"embeddable":true,"href":"https:\/\/www.confere.org.br\/wordpress\/wp-json\/wp\/v2\/comments?post=14379"}],"version-history":[{"count":2,"href":"https:\/\/www.confere.org.br\/wordpress\/wp-json\/wp\/v2\/posts\/14379\/revisions"}],"predecessor-version":[{"id":14806,"href":"https:\/\/www.confere.org.br\/wordpress\/wp-json\/wp\/v2\/posts\/14379\/revisions\/14806"}],"wp:attachment":[{"href":"https:\/\/www.confere.org.br\/wordpress\/wp-json\/wp\/v2\/media?parent=14379"}],"wp:term":[{"taxonomy":"category","embeddable":true,"href":"https:\/\/www.confere.org.br\/wordpress\/wp-json\/wp\/v2\/categories?post=14379"},{"taxonomy":"post_tag","embeddable":true,"href":"https:\/\/www.confere.org.br\/wordpress\/wp-json\/wp\/v2\/tags?post=14379"}],"curies":[{"name":"wp","href":"https:\/\/api.w.org\/{rel}","templated":true}]}}