{"id":14387,"date":"2024-09-29T09:38:42","date_gmt":"2024-09-29T12:38:42","guid":{"rendered":"https:\/\/www.confere.org.br\/wordpress\/?p=14387"},"modified":"2024-09-29T09:43:22","modified_gmt":"2024-09-29T12:43:22","slug":"assembleia-legislativa-de-goias-celebra-dia-do-representante-comercial-em-sessao-solene","status":"publish","type":"post","link":"https:\/\/www.confere.org.br\/wordpress\/assembleia-legislativa-de-goias-celebra-dia-do-representante-comercial-em-sessao-solene\/","title":{"rendered":"Assembleia Legislativa de Goi\u00e1s celebra Dia do Representante Comercial em Sess\u00e3o Solene"},"content":{"rendered":"\n<p>Neste s\u00e1bado, dia 28 de setembro, a Assembleia Legislativa de Goi\u00e1s realizou uma Sess\u00e3o Solene Extraordin\u00e1ria celebra\u00e7\u00e3o ao Dia do Representante Comercial.<\/p>\n<p>\u00a0Na ocasi\u00e3o, o presidente do Core-GO, Murilo Moraes Mendon\u00e7a recebeu a Medalha do M\u00e9rito Legislativo Pedro Ludovico Teixeira, uma das mais altas condecora\u00e7\u00f5es concedidas pela Assembleia, destinada a homenagear cidad\u00e3os que prestaram servi\u00e7os relevantes \u00e0 sociedade goiana por iniciativa do deputado Virmondes Cruvinel (Uni\u00e3o Brasil).<\/p>\n<p>O presidente do Confere, Archimedes Cavalcanti J\u00fanior, e representantes comerciais de Goi\u00e1s foram homenageados com o Certificado de M\u00e9rito Legislativo. Para o deputado Virmondes, o objetivo \u00e9 ressaltar a dedica\u00e7\u00e3o ao trabalho desses profissionais, que contribuem, de forma significativa, para fortalecimento da economia goiana.<\/p>\n<p>\u201cA proposi\u00e7\u00e3o 1030 em homenagem aos representantes comerciais \u00e9 o reconhecimento a esse setor econ\u00f4mico, muito representativo. Revela tamb\u00e9m o reconhecimento dessa nova gest\u00e3o do Core-GO, atrav\u00e9s do Brasil representado aqui. Quero ressaltar a import\u00e2ncia do estado de Goi\u00e1s no contexto socioecon\u00f4mico brasileiro e destacar a valiosa contribui\u00e7\u00e3o da atividade de representa\u00e7\u00e3o comercial para o desenvolvimento e crescimento do estado de Goi\u00e1s, no cora\u00e7\u00e3o do Brasil. Um estado que se destaca por sua robusta economia, marcada pela diversidade e profundo dinamismo\u201d, discursou o presidente do Confere.<\/p>\n","protected":false},"excerpt":{"rendered":"<p>Murilo Moraes Mendon\u00e7a, presidente do Core-GO, foi agraciado com a Medalha do M\u00e9rito Legislativo Pedro Ludovico Teixeira em cerim\u00f4nia realizada pela Assembleia Legislativa de Goi\u00e1s, por iniciativa do deputado Virmondes Cruvinel. O evento destacou a import\u00e2ncia dos representantes comerciais para o fortalecimento da economia goiana. O presidente do Confere, Archimedes Cavalcanti J\u00fanior, e outros profissionais do setor tamb\u00e9m foram homenageados com o Certificado de M\u00e9rito Legislativo.<\/p>\n","protected":false},"author":3,"featured_media":14388,"comment_status":"closed","ping_status":"closed","sticky":false,"template":"","format":"standard","meta":[],"categories":[34,49,17],"tags":[],"_links":{"self":[{"href":"https:\/\/www.confere.org.br\/wordpress\/wp-json\/wp\/v2\/posts\/14387"}],"collection":[{"href":"https:\/\/www.confere.org.br\/wordpress\/wp-json\/wp\/v2\/posts"}],"about":[{"href":"https:\/\/www.confere.org.br\/wordpress\/wp-json\/wp\/v2\/types\/post"}],"author":[{"embeddable":true,"href":"https:\/\/www.confere.org.br\/wordpress\/wp-json\/wp\/v2\/users\/3"}],"replies":[{"embeddable":true,"href":"https:\/\/www.confere.org.br\/wordpress\/wp-json\/wp\/v2\/comments?post=14387"}],"version-history":[{"count":2,"href":"https:\/\/www.confere.org.br\/wordpress\/wp-json\/wp\/v2\/posts\/14387\/revisions"}],"predecessor-version":[{"id":14458,"href":"https:\/\/www.confere.org.br\/wordpress\/wp-json\/wp\/v2\/posts\/14387\/revisions\/14458"}],"wp:featuredmedia":[{"embeddable":true,"href":"https:\/\/www.confere.org.br\/wordpress\/wp-json\/wp\/v2\/media\/14388"}],"wp:attachment":[{"href":"https:\/\/www.confere.org.br\/wordpress\/wp-json\/wp\/v2\/media?parent=14387"}],"wp:term":[{"taxonomy":"category","embeddable":true,"href":"https:\/\/www.confere.org.br\/wordpress\/wp-json\/wp\/v2\/categories?post=14387"},{"taxonomy":"post_tag","embeddable":true,"href":"https:\/\/www.confere.org.br\/wordpress\/wp-json\/wp\/v2\/tags?post=14387"}],"curies":[{"name":"wp","href":"https:\/\/api.w.org\/{rel}","templated":true}]}}