{"id":14397,"date":"2024-09-30T10:11:00","date_gmt":"2024-09-30T13:11:00","guid":{"rendered":"https:\/\/www.confere.org.br\/wordpress\/?p=14397"},"modified":"2024-09-30T10:35:17","modified_gmt":"2024-09-30T13:35:17","slug":"1o-de-outubro-dia-do-representante-comercial-4","status":"publish","type":"post","link":"https:\/\/www.confere.org.br\/wordpress\/1o-de-outubro-dia-do-representante-comercial-4\/","title":{"rendered":"1\u00ba de outubro &#8211; Dia do Representante Comercial"},"content":{"rendered":"\n<p>No dia 1\u00ba de outubro, celebramos uma profiss\u00e3o que \u00e9 o verdadeiro motor por tr\u00e1s do crescimento de diversos setores da economia: o <strong>Representante Comercial<\/strong>. Muito mais do que um intermedi\u00e1rio, o Representante Comercial \u00e9 o elo estrat\u00e9gico que conecta a ind\u00fastria ao com\u00e9rcio e aos servi\u00e7os, facilitando negocia\u00e7\u00f5es, promovendo o desenvolvimento de novos mercados e garantindo que produtos e servi\u00e7os cheguem ao consumidor final com qualidade e agilidade.<\/p>\n<h3>O papel estrat\u00e9gico do Representante Comercial<\/h3>\n<p>O Representante Comercial desempenha um papel fundamental em toda a cadeia produtiva, atuando desde a fase de negocia\u00e7\u00e3o com fornecedores e fabricantes at\u00e9 a log\u00edstica e entrega ao cliente. Seu trabalho envolve identificar oportunidades, abrir novos mercados e garantir que a rela\u00e7\u00e3o entre produ\u00e7\u00e3o e consumo aconte\u00e7a de maneira eficiente. Ao conectar empresas e clientes, esse profissional permite que novos produtos e servi\u00e7os circulem, gerando mais empregos e contribuindo diretamente para o fortalecimento da economia nacional.<\/p>\n<p>Seja em negocia\u00e7\u00f5es complexas ou no dia a dia do com\u00e9rcio, a expertise do Representante Comercial \u00e9 vital para fomentar parcerias de sucesso, oferecer solu\u00e7\u00f5es inovadoras e promover o desenvolvimento dos mais variados setores, desde o agroneg\u00f3cio at\u00e9 a tecnologia.<\/p>\n<h3>Impacto no crescimento econ\u00f4mico<\/h3>\n<p>A import\u00e2ncia do Representante Comercial vai al\u00e9m do simples fechamento de neg\u00f3cios. Gra\u00e7as ao seu trabalho, ind\u00fastrias t\u00eam acesso a novos mercados, empresas encontram os melhores fornecedores e consumidores t\u00eam acesso a uma maior variedade de produtos. \u00c9 por meio da atua\u00e7\u00e3o estrat\u00e9gica deste profissional que a economia brasileira se fortalece e se adapta \u00e0s demandas globais.<\/p>\n<p>O Sistema Confere\/Cores se orgulha de cada Representante Comercial que, com dedica\u00e7\u00e3o, conhecimento e profissionalismo, faz parte dessa engrenagem que movimenta a economia. Esses profissionais auxiliam na concretiza\u00e7\u00e3o de neg\u00f3cios, contribuem para a gera\u00e7\u00e3o de empregos e para o aumento da competitividade das empresas no Brasil e no exterior.<\/p>\n<h3>Profiss\u00e3o reconhecida e regulamentada<\/h3>\n<p>Para garantir que a atua\u00e7\u00e3o dos Representantes Comerciais seja sempre pautada pela \u00e9tica, responsabilidade e transpar\u00eancia, o <strong>Sistema Confere\/Cores<\/strong> regula e fiscaliza a profiss\u00e3o, oferecendo suporte e valorizando esses profissionais. Com mais de meio s\u00e9culo de hist\u00f3ria, o Sistema Confere\/Cores \u00e9 refer\u00eancia quando o assunto \u00e9 garantir a seguran\u00e7a das rela\u00e7\u00f5es comerciais e proteger a sociedade por meio de um C\u00f3digo de \u00c9tica robusto e eficaz.<\/p>\n<h3>O futuro da Representa\u00e7\u00e3o Comercial<\/h3>\n<p>\u00c0 medida que a economia se transforma e novas tecnologias emergem, o papel do Representante Comercial se torna ainda mais relevante. A digitaliza\u00e7\u00e3o e a globaliza\u00e7\u00e3o dos mercados exigem que esses profissionais estejam em constante adapta\u00e7\u00e3o, utilizando ferramentas tecnol\u00f3gicas para melhorar a efici\u00eancia de suas negocia\u00e7\u00f5es e aprimorar a rela\u00e7\u00e3o entre empresas e clientes. Nesse cen\u00e1rio, o Sistema Confere\/Cores trabalha para apoiar a capacita\u00e7\u00e3o e o desenvolvimento dos profissionais, oferecendo treinamentos, atualiza\u00e7\u00f5es e oportunidades de networking que permitem aos Representantes Comerciais se destacarem em um ambiente de neg\u00f3cios cada vez mais competitivo.<\/p>\n<h3>A nossa homenagem<\/h3>\n<p>No <strong>Dia do Representante Comercial<\/strong>, o Sistema Confere\/Cores presta uma justa homenagem a esses profissionais, cuja compet\u00eancia e dedica\u00e7\u00e3o fazem a diferen\u00e7a na vida de milh\u00f5es de brasileiros. O impacto do seu trabalho \u00e9 vis\u00edvel em cada negocia\u00e7\u00e3o bem-sucedida, em cada inova\u00e7\u00e3o trazida ao mercado e no fortalecimento da economia como um todo.<\/p>\n<p>\u00a0<\/p>\n<p>MENSAGEM DO PRESIDENTE<\/p>\n<p>\u00a0<\/p>\n<p>Parab\u00e9ns a todos os Representantes Comerciais do Brasil! O seu trabalho \u00e9 o que conecta neg\u00f3cios, gera valor e impulsiona o futuro do nosso pa\u00eds.<\/p>\n<p>Quer saber mais sobre a representa\u00e7\u00e3o comercial e como fazer parte dessa rede de sucesso? Acompanhe o nosso site e redes sociais e descubra como essa profiss\u00e3o \u00e9 essencial para o desenvolvimento econ\u00f4mico e para o sucesso de todos os setores.<\/p>\n\n\n\n<figure class=\"wp-block-video aligncenter\"><video controls src=\"https:\/\/www.confere.org.br\/wordpress\/wp-content\/uploads\/2024\/09\/Video_Dia-Pan-Americo_2_1.mp4\"><\/video><\/figure>\n","protected":false},"excerpt":{"rendered":"<p>Celebrando a for\u00e7a que impulsiona a economia<\/p>\n","protected":false},"author":3,"featured_media":14398,"comment_status":"closed","ping_status":"closed","sticky":false,"template":"","format":"standard","meta":[],"categories":[34,49,17],"tags":[],"_links":{"self":[{"href":"https:\/\/www.confere.org.br\/wordpress\/wp-json\/wp\/v2\/posts\/14397"}],"collection":[{"href":"https:\/\/www.confere.org.br\/wordpress\/wp-json\/wp\/v2\/posts"}],"about":[{"href":"https:\/\/www.confere.org.br\/wordpress\/wp-json\/wp\/v2\/types\/post"}],"author":[{"embeddable":true,"href":"https:\/\/www.confere.org.br\/wordpress\/wp-json\/wp\/v2\/users\/3"}],"replies":[{"embeddable":true,"href":"https:\/\/www.confere.org.br\/wordpress\/wp-json\/wp\/v2\/comments?post=14397"}],"version-history":[{"count":11,"href":"https:\/\/www.confere.org.br\/wordpress\/wp-json\/wp\/v2\/posts\/14397\/revisions"}],"predecessor-version":[{"id":14417,"href":"https:\/\/www.confere.org.br\/wordpress\/wp-json\/wp\/v2\/posts\/14397\/revisions\/14417"}],"wp:featuredmedia":[{"embeddable":true,"href":"https:\/\/www.confere.org.br\/wordpress\/wp-json\/wp\/v2\/media\/14398"}],"wp:attachment":[{"href":"https:\/\/www.confere.org.br\/wordpress\/wp-json\/wp\/v2\/media?parent=14397"}],"wp:term":[{"taxonomy":"category","embeddable":true,"href":"https:\/\/www.confere.org.br\/wordpress\/wp-json\/wp\/v2\/categories?post=14397"},{"taxonomy":"post_tag","embeddable":true,"href":"https:\/\/www.confere.org.br\/wordpress\/wp-json\/wp\/v2\/tags?post=14397"}],"curies":[{"name":"wp","href":"https:\/\/api.w.org\/{rel}","templated":true}]}}