{"id":14434,"date":"2024-10-02T11:38:07","date_gmt":"2024-10-02T14:38:07","guid":{"rendered":"https:\/\/www.confere.org.br\/wordpress\/?p=14434"},"modified":"2024-10-02T16:20:01","modified_gmt":"2024-10-02T19:20:01","slug":"celebracao-e-reconhecimento-marcam-o-dia-do-representante-comercial-em-recife","status":"publish","type":"post","link":"https:\/\/www.confere.org.br\/wordpress\/celebracao-e-reconhecimento-marcam-o-dia-do-representante-comercial-em-recife\/","title":{"rendered":"Celebra\u00e7\u00e3o e reconhecimento marcam o Dia do Representante Comercial em Recife"},"content":{"rendered":"\n<p>O evento realizado ontem, dia 1\u00ba de outubro, no audit\u00f3rio do Senac, em Recife, em homenagem ao Dia Pan-americano e Estadual do Representante Comercial foi um momento de grande celebra\u00e7\u00e3o e reconhecimento da import\u00e2ncia dos representantes comerciais no desenvolvimento econ\u00f4mico e social do Pa\u00eds.<\/p>\n<p>\u00a0Organizado pelo Core-PE, em parceria com o Confere,\u00a0 Sircope \u2013 Sindicato dos Representantes Comerciais de Pernambuco, e Fecom\u00e9rcio-PE, a cerim\u00f4nia foi conduzida de forma solene e contou com a participa\u00e7\u00e3o de diversas personalidades do setor, refor\u00e7ando o papel fundamental da categoria no cen\u00e1rio comercial brasileiro.<\/p>\n<p>O diretor-presidente do Confere, Archimedes Cavalcanti J\u00fanior, abriu o evento e ressaltou a import\u00e2ncia do trabalho dos representantes comerciais na dinamiza\u00e7\u00e3o da economia, destacando que eles s\u00e3o uma ponte fundamental entre empresas e consumidores, garantindo o fluxo cont\u00ednuo de produtos e servi\u00e7os pelo pa\u00eds. Em seu discurso, Archimedes frisou a resili\u00eancia da categoria em momentos de adversidade, especialmente frente aos desafios impostos pelas transforma\u00e7\u00f5es tecnol\u00f3gicas e econ\u00f4micas dos \u00faltimos anos.<\/p>\n<p>O presidente da Fecom\u00e9rcio-PE, Bernardo Peixoto, tamb\u00e9m participou do evento, elogiando a atua\u00e7\u00e3o dos representantes comerciais pernambucanos e enfatizando que a economia regional \u00e9 amplamente beneficiada por esses profissionais que, com compet\u00eancia e dedica\u00e7\u00e3o, impulsionam o com\u00e9rcio local e nacional.<\/p>\n<p>Um dos momentos mais aguardados da cerim\u00f4nia foi a entrega do Trof\u00e9u &#8220;O Mascate&#8221;, uma honraria concedida a representantes comerciais que se destacaram por sua trajet\u00f3ria de sucesso e contribui\u00e7\u00e3o significativa para o fortalecimento da categoria. Dentre os homenageados, estavam:<\/p>\n<ul>\n<li>Le\u00f3sthenes Urquiza Lins J\u00fanior, da empresa Falcmar Representa\u00e7\u00f5es LTDA;<\/li>\n<li>R\u00f3berson Hamilton de Carvalho Bezerra, da MTK \u2013 Representa\u00e7\u00f5es Comerciais LTDA;<\/li>\n<li>St\u00e9lio Ferraz Freire J\u00fanior, da R M S Representa\u00e7\u00f5es e Consultoria LTDA;<\/li>\n<li>Maria Joseneide Silva Barbosa, da Barona Representa\u00e7\u00f5es de Produtos Agr\u00edcolas LTDA;<\/li>\n<li>Luiz Antonio Maia Duarte, da Nextor Consultoria de Gest\u00e3o Empresarial LTDA;<\/li>\n<li>Cl\u00e1udio Emanuel Carvalho da Silva, da PARTNER Com\u00e9rcio e Representa\u00e7\u00f5es LTDA;<\/li>\n<li>Levy Duarte de Macedo, da LEVIBEL Representa\u00e7\u00e3o Comercial LTDA;<\/li>\n<li>Hilton Queiroz de Burgos, da BURGOS Com\u00e9rcio e Representa\u00e7\u00f5es LTDA;<\/li>\n<li>Carla Maria Jenne de Assis, da JENNE &amp; ASSIS Representa\u00e7\u00f5es LTDA;<\/li>\n<li>Roberto Leandro do Nascimento, da Andrade Nascimento Representa\u00e7\u00f5es LTDA;<\/li>\n<li>Terezinha de Jesus da Fonseca, da T. J. Eletro Representa\u00e7\u00f5es LTDA.<\/li>\n<\/ul>\n<p>Outro destaque foi a participa\u00e7\u00e3o da Sr\u00aa Cleide Moreira Pimentel, Diretora-Executiva da Fecom\u00e9rcio-PE, que, em seu discurso, destacou o papel estrat\u00e9gico dos representantes comerciais no desenvolvimento do com\u00e9rcio, ressaltando que a categoria \u00e9 um dos principais motores do crescimento econ\u00f4mico e do com\u00e9rcio varejista em todo o Brasil.<\/p>\n<p>Encerrando o evento com chave de ouro, o renomado palestrante Jos\u00e9 Ricardo Noronha apresentou a palestra &#8220;O Representante Comercial do Futuro\u201d.\u00a0 Noronha discutiu as principais transforma\u00e7\u00f5es que a categoria enfrentar\u00e1 nos pr\u00f3ximos anos, enfatizando a import\u00e2ncia da adapta\u00e7\u00e3o \u00e0s novas tecnologias, o uso de ferramentas digitais e o desenvolvimento de novas compet\u00eancias para se manter competitivo em um mercado cada vez mais globalizado e conectado.<\/p>\n<p>O evento contou ainda com transmiss\u00e3o ao vivo, permitindo que interessados de diversas regi\u00f5es acompanhassem as homenagens e palestra. Para quem quiser assistir, <a href=\"https:\/\/www.youtube.com\/live\/iuhVYgX2Qiw\" target=\"_blank\" rel=\"noopener\">clique aqui.<\/a><\/p>\n<p>\u00a0<\/p>\n<p>\u00a0<\/p>\n<p>\u00a0<\/p>\n<p>\u00a0<\/p>\n<p>\u00a0<\/p>\n<p>\u00a0<\/p>\n\n\n\n<div class=\"wp-container-3 wp-block-group\"><div class=\"wp-block-group__inner-container\">\n<figure class=\"wp-container-2 wp-block-gallery-1 wp-block-gallery has-nested-images columns-default is-cropped\"><\/figure>\n<\/div><\/div>\n","protected":false},"excerpt":{"rendered":"<p>Evento homenageou profissionais com o Trof\u00e9u &#8220;O Mascate&#8221;, destacou a import\u00e2ncia da categoria para a economia e discutiu o futuro dos representantes comerciais <\/p>\n","protected":false},"author":3,"featured_media":14435,"comment_status":"closed","ping_status":"closed","sticky":false,"template":"","format":"standard","meta":[],"categories":[34,49,17],"tags":[],"_links":{"self":[{"href":"https:\/\/www.confere.org.br\/wordpress\/wp-json\/wp\/v2\/posts\/14434"}],"collection":[{"href":"https:\/\/www.confere.org.br\/wordpress\/wp-json\/wp\/v2\/posts"}],"about":[{"href":"https:\/\/www.confere.org.br\/wordpress\/wp-json\/wp\/v2\/types\/post"}],"author":[{"embeddable":true,"href":"https:\/\/www.confere.org.br\/wordpress\/wp-json\/wp\/v2\/users\/3"}],"replies":[{"embeddable":true,"href":"https:\/\/www.confere.org.br\/wordpress\/wp-json\/wp\/v2\/comments?post=14434"}],"version-history":[{"count":8,"href":"https:\/\/www.confere.org.br\/wordpress\/wp-json\/wp\/v2\/posts\/14434\/revisions"}],"predecessor-version":[{"id":14471,"href":"https:\/\/www.confere.org.br\/wordpress\/wp-json\/wp\/v2\/posts\/14434\/revisions\/14471"}],"wp:featuredmedia":[{"embeddable":true,"href":"https:\/\/www.confere.org.br\/wordpress\/wp-json\/wp\/v2\/media\/14435"}],"wp:attachment":[{"href":"https:\/\/www.confere.org.br\/wordpress\/wp-json\/wp\/v2\/media?parent=14434"}],"wp:term":[{"taxonomy":"category","embeddable":true,"href":"https:\/\/www.confere.org.br\/wordpress\/wp-json\/wp\/v2\/categories?post=14434"},{"taxonomy":"post_tag","embeddable":true,"href":"https:\/\/www.confere.org.br\/wordpress\/wp-json\/wp\/v2\/tags?post=14434"}],"curies":[{"name":"wp","href":"https:\/\/api.w.org\/{rel}","templated":true}]}}