{"id":14462,"date":"2024-10-02T14:13:05","date_gmt":"2024-10-02T17:13:05","guid":{"rendered":"https:\/\/www.confere.org.br\/wordpress\/?p=14462"},"modified":"2024-10-09T10:12:11","modified_gmt":"2024-10-09T13:12:11","slug":"core-pb-celebra-o-dia-do-representante-comercial-com-evento-especial-sobre-estrategias-de-vendas","status":"publish","type":"post","link":"https:\/\/www.confere.org.br\/wordpress\/core-pb-celebra-o-dia-do-representante-comercial-com-evento-especial-sobre-estrategias-de-vendas\/","title":{"rendered":"Core-PB celebra o Dia do Representante Comercial com evento especial sobre Estrat\u00e9gias de Vendas"},"content":{"rendered":"\n<p>Ontem, dia 1\u00ba de outubro de 2024, o Core-PB, em parceria com Sinrecom, Fecomercio-PB e o especialista em vendas Alberto Marinho, realizou um evento em comemora\u00e7\u00e3o ao Dia do Representante Comercial. Transmitido ao vivo pelo YouTube, o evento reuniu profissionais de vendas e representantes comerciais de toda a Para\u00edba, oferecendo conte\u00fado sobre como impulsionar carreiras e conquistar novos mercados.<\/p>\n<p>A palestra \u201cEstrat\u00e9gias Poderosas de Vendas\u201d foi conduzida por Alberto Marinho, que compartilhou t\u00e9cnicas e estrat\u00e9gias para se destacar em um mercado cada vez mais competitivo.<\/p>\n<p>Marconi Barros dos Santos, presidente do Core-PB, destacou a import\u00e2ncia do evento e a relev\u00e2ncia da parceria para o fortalecimento da categoria:<\/p>\n<p>&#8220;Este evento reflete o compromisso do Core-PB em capacitar e apoiar os profissionais da representa\u00e7\u00e3o comercial. Em um cen\u00e1rio t\u00e3o competitivo, \u00e9 fundamental que nossos representantes estejam equipados com as melhores estrat\u00e9gias e ferramentas para alcan\u00e7ar resultados extraordin\u00e1rios. A parceria com Alberto Marinho e as demais entidades \u00e9 uma prova do nosso esfor\u00e7o cont\u00ednuo em promover o crescimento profissional e o sucesso de todos os que fazem parte desta categoria t\u00e3o importante.&#8221;<\/p>\n","protected":false},"excerpt":{"rendered":"<p>Em parceria com Alberto Marinho, Sinrecom e Fecomercio-PB, o evento abordou estrat\u00e9gias inovadoras e destacou a import\u00e2ncia do relacionamento com clientes para o sucesso em um mercado competitivo<\/p>\n","protected":false},"author":3,"featured_media":14463,"comment_status":"closed","ping_status":"closed","sticky":false,"template":"","format":"standard","meta":[],"categories":[34,49,17],"tags":[],"_links":{"self":[{"href":"https:\/\/www.confere.org.br\/wordpress\/wp-json\/wp\/v2\/posts\/14462"}],"collection":[{"href":"https:\/\/www.confere.org.br\/wordpress\/wp-json\/wp\/v2\/posts"}],"about":[{"href":"https:\/\/www.confere.org.br\/wordpress\/wp-json\/wp\/v2\/types\/post"}],"author":[{"embeddable":true,"href":"https:\/\/www.confere.org.br\/wordpress\/wp-json\/wp\/v2\/users\/3"}],"replies":[{"embeddable":true,"href":"https:\/\/www.confere.org.br\/wordpress\/wp-json\/wp\/v2\/comments?post=14462"}],"version-history":[{"count":4,"href":"https:\/\/www.confere.org.br\/wordpress\/wp-json\/wp\/v2\/posts\/14462\/revisions"}],"predecessor-version":[{"id":14592,"href":"https:\/\/www.confere.org.br\/wordpress\/wp-json\/wp\/v2\/posts\/14462\/revisions\/14592"}],"wp:featuredmedia":[{"embeddable":true,"href":"https:\/\/www.confere.org.br\/wordpress\/wp-json\/wp\/v2\/media\/14463"}],"wp:attachment":[{"href":"https:\/\/www.confere.org.br\/wordpress\/wp-json\/wp\/v2\/media?parent=14462"}],"wp:term":[{"taxonomy":"category","embeddable":true,"href":"https:\/\/www.confere.org.br\/wordpress\/wp-json\/wp\/v2\/categories?post=14462"},{"taxonomy":"post_tag","embeddable":true,"href":"https:\/\/www.confere.org.br\/wordpress\/wp-json\/wp\/v2\/tags?post=14462"}],"curies":[{"name":"wp","href":"https:\/\/api.w.org\/{rel}","templated":true}]}}