{"id":14482,"date":"2024-10-07T14:44:10","date_gmt":"2024-10-07T17:44:10","guid":{"rendered":"https:\/\/www.confere.org.br\/wordpress\/?p=14482"},"modified":"2024-10-07T14:44:11","modified_gmt":"2024-10-07T17:44:11","slug":"core-es-celebra-dia-pan-americano-do-representante-comercial-com-evento-focado-em-capacitacao","status":"publish","type":"post","link":"https:\/\/www.confere.org.br\/wordpress\/core-es-celebra-dia-pan-americano-do-representante-comercial-com-evento-focado-em-capacitacao\/","title":{"rendered":"Core-ES celebra Dia Pan-Americano do Representante Comercial com evento focado em capacita\u00e7\u00e3o"},"content":{"rendered":"\n<p>No dia 4 de outubro, o Core-ES realizou um evento em comemora\u00e7\u00e3o ao Dia Pan-Americano e Estadual do Representante Comercial, no Hotel Senac Ilha do Boi, em Vit\u00f3ria. O encontro foi composto por palestras voltadas ao desenvolvimento profissional e \u00e0 import\u00e2ncia da representa\u00e7\u00e3o comercial para a economia do Esp\u00edrito Santo e do Brasil.<\/p>\n<p><img class=\"alignnone  wp-image-14485\" src=\"https:\/\/www.confere.org.br\/wordpress\/wp-content\/uploads\/2024\/10\/WhatsApp-Image-2024-10-07-at-14.42.22.jpeg\" alt=\"\" width=\"666\" height=\"439\" srcset=\"https:\/\/www.confere.org.br\/wordpress\/wp-content\/uploads\/2024\/10\/WhatsApp-Image-2024-10-07-at-14.42.22.jpeg 1000w, https:\/\/www.confere.org.br\/wordpress\/wp-content\/uploads\/2024\/10\/WhatsApp-Image-2024-10-07-at-14.42.22-300x198.jpeg 300w, https:\/\/www.confere.org.br\/wordpress\/wp-content\/uploads\/2024\/10\/WhatsApp-Image-2024-10-07-at-14.42.22-768x507.jpeg 768w\" sizes=\"(max-width: 666px) 100vw, 666px\" \/><\/p>\n<p>O evento contou com a participa\u00e7\u00e3o de Carol Manciola, palestrante e autora de \u201c#BoraBaterMeta\u201d, que apresentou como os representantes comerciais podem se adaptar e alcan\u00e7ar suas metas no cen\u00e1rio digital.<\/p>\n<p>A equipe jur\u00eddica do Core-ES tamb\u00e9m participou, abordando os princ\u00edpios da legisla\u00e7\u00e3o que rege os contratos de representa\u00e7\u00e3o comercial, e discutindo temas como remunera\u00e7\u00e3o, cl\u00e1usula Del Credere e boa-f\u00e9 objetiva.<\/p>\n<p>O presidente do Confere, Archimedes Cavalcanti J\u00fanior, destacou a import\u00e2ncia do evento e o compromisso com a evolu\u00e7\u00e3o da categoria: \u201cVivemos tempos em que a continuidade dessa profiss\u00e3o depende de inova\u00e7\u00e3o, conhecimento e adapta\u00e7\u00e3o. Com transpar\u00eancia, conex\u00e3o e capacita\u00e7\u00e3o, podemos construir um futuro para os representantes comerciais e fortalecer a economia do Esp\u00edrito Santo e do Brasil.\u201d<\/p>\n<p>Para o presidente do Core-ES, Marcelo Marino Simonetti, o lema da atual diretoria do Conselho \u00e9 \u201cConvencimento pelo Conhecimento\u201d, que tem o objetivo de disponibilizar o m\u00e1ximo de conhecimento acerca da profiss\u00e3o e das a\u00e7\u00f5es do Core, bem como a transpar\u00eancia dos dados, buscando aumentar a aproxima\u00e7\u00e3o entre registrados e Conselho e valorizar a Representa\u00e7\u00e3o Comercial. Simonetti fez uma breve apresenta\u00e7\u00e3o sobre a import\u00e2ncia do Sistema Confere\/Cores para a manuten\u00e7\u00e3o de direitos da categoria e sobre as a\u00e7\u00f5es da gest\u00e3o atual.<\/p>\n<p><img class=\"alignnone  wp-image-14484\" src=\"https:\/\/www.confere.org.br\/wordpress\/wp-content\/uploads\/2024\/10\/WhatsApp-Image-2024-10-07-at-14.33.08.jpeg\" alt=\"\" width=\"606\" height=\"480\" srcset=\"https:\/\/www.confere.org.br\/wordpress\/wp-content\/uploads\/2024\/10\/WhatsApp-Image-2024-10-07-at-14.33.08.jpeg 1000w, https:\/\/www.confere.org.br\/wordpress\/wp-content\/uploads\/2024\/10\/WhatsApp-Image-2024-10-07-at-14.33.08-300x238.jpeg 300w, https:\/\/www.confere.org.br\/wordpress\/wp-content\/uploads\/2024\/10\/WhatsApp-Image-2024-10-07-at-14.33.08-768x608.jpeg 768w\" sizes=\"(max-width: 606px) 100vw, 606px\" \/><\/p>\n","protected":false},"excerpt":{"rendered":"<p>O evento reuniu palestras sobre estrat\u00e9gias digitais, legisla\u00e7\u00e3o e fortalecimento da profiss\u00e3o, promovendo o desenvolvimento e a valoriza\u00e7\u00e3o dos representantes comerciais no Esp\u00edrito Santo e no Brasil<\/p>\n","protected":false},"author":3,"featured_media":14483,"comment_status":"closed","ping_status":"closed","sticky":false,"template":"","format":"standard","meta":[],"categories":[34,49,17],"tags":[],"_links":{"self":[{"href":"https:\/\/www.confere.org.br\/wordpress\/wp-json\/wp\/v2\/posts\/14482"}],"collection":[{"href":"https:\/\/www.confere.org.br\/wordpress\/wp-json\/wp\/v2\/posts"}],"about":[{"href":"https:\/\/www.confere.org.br\/wordpress\/wp-json\/wp\/v2\/types\/post"}],"author":[{"embeddable":true,"href":"https:\/\/www.confere.org.br\/wordpress\/wp-json\/wp\/v2\/users\/3"}],"replies":[{"embeddable":true,"href":"https:\/\/www.confere.org.br\/wordpress\/wp-json\/wp\/v2\/comments?post=14482"}],"version-history":[{"count":1,"href":"https:\/\/www.confere.org.br\/wordpress\/wp-json\/wp\/v2\/posts\/14482\/revisions"}],"predecessor-version":[{"id":14486,"href":"https:\/\/www.confere.org.br\/wordpress\/wp-json\/wp\/v2\/posts\/14482\/revisions\/14486"}],"wp:featuredmedia":[{"embeddable":true,"href":"https:\/\/www.confere.org.br\/wordpress\/wp-json\/wp\/v2\/media\/14483"}],"wp:attachment":[{"href":"https:\/\/www.confere.org.br\/wordpress\/wp-json\/wp\/v2\/media?parent=14482"}],"wp:term":[{"taxonomy":"category","embeddable":true,"href":"https:\/\/www.confere.org.br\/wordpress\/wp-json\/wp\/v2\/categories?post=14482"},{"taxonomy":"post_tag","embeddable":true,"href":"https:\/\/www.confere.org.br\/wordpress\/wp-json\/wp\/v2\/tags?post=14482"}],"curies":[{"name":"wp","href":"https:\/\/api.w.org\/{rel}","templated":true}]}}