{"id":14488,"date":"2024-10-07T15:11:21","date_gmt":"2024-10-07T18:11:21","guid":{"rendered":"https:\/\/www.confere.org.br\/wordpress\/?p=14488"},"modified":"2024-10-07T15:11:24","modified_gmt":"2024-10-07T18:11:24","slug":"processo-administrativo-de-licitacao-no-05-2024-contratacao-de-empresa-de-publicidade-para-o-sistema-confere-cores","status":"publish","type":"post","link":"https:\/\/www.confere.org.br\/wordpress\/processo-administrativo-de-licitacao-no-05-2024-contratacao-de-empresa-de-publicidade-para-o-sistema-confere-cores\/","title":{"rendered":"Processo Administrativo de Licita\u00e7\u00e3o N\u00ba 05\/2024 &#8211; Contrata\u00e7\u00e3o de Empresa de Publicidade para o Sistema Confere\/Cores"},"content":{"rendered":"\n<ul data-editing-info=\"{&quot;applyListStyleFromLevel&quot;:true}\">\n<li>\n<div class=\"x_elementToProof\"><a href=\"https:\/\/www.confere.org.br\/wordpress\/wp-content\/uploads\/2024\/10\/Chamamento_Publico_Subcomissao_2024_-_versao_final_assinado.pdf\">Edital &#8211; Chamamento P\u00fablico N\u00ba 02\/2024<\/a><\/div>\n<\/li>\n<li>\n<div class=\"x_elementToProof\"><a href=\"https:\/\/www.confere.org.br\/wordpress\/wp-content\/uploads\/2024\/10\/Publicacao-Chamamento-Publico-DOU.pdf\">Publica\u00e7\u00e3o no DOU<\/a><\/div>\n<\/li>\n<li>\n<div class=\"x_elementToProof\"><a href=\"https:\/\/www.confere.org.br\/wordpress\/wp-content\/uploads\/2024\/10\/Publicacao-Jornal-de-Grande-circulacao.pdf\">Publica\u00e7\u00e3o em jornal de grande circula\u00e7\u00e3o<\/a><\/div>\n<\/li>\n<\/ul>\n<div class=\"x_elementToProof\">\u00a0<\/div>\n\n\n","protected":false},"excerpt":{"rendered":"<p>Edital &#8211; Chamamento P\u00fablico N\u00ba 02\/2024 Publica\u00e7\u00e3o no DOU Publica\u00e7\u00e3o em jornal de grande circula\u00e7\u00e3o \u00a0<\/p>\n","protected":false},"author":8,"featured_media":0,"comment_status":"closed","ping_status":"closed","sticky":false,"template":"","format":"standard","meta":[],"categories":[32],"tags":[],"_links":{"self":[{"href":"https:\/\/www.confere.org.br\/wordpress\/wp-json\/wp\/v2\/posts\/14488"}],"collection":[{"href":"https:\/\/www.confere.org.br\/wordpress\/wp-json\/wp\/v2\/posts"}],"about":[{"href":"https:\/\/www.confere.org.br\/wordpress\/wp-json\/wp\/v2\/types\/post"}],"author":[{"embeddable":true,"href":"https:\/\/www.confere.org.br\/wordpress\/wp-json\/wp\/v2\/users\/8"}],"replies":[{"embeddable":true,"href":"https:\/\/www.confere.org.br\/wordpress\/wp-json\/wp\/v2\/comments?post=14488"}],"version-history":[{"count":1,"href":"https:\/\/www.confere.org.br\/wordpress\/wp-json\/wp\/v2\/posts\/14488\/revisions"}],"predecessor-version":[{"id":14492,"href":"https:\/\/www.confere.org.br\/wordpress\/wp-json\/wp\/v2\/posts\/14488\/revisions\/14492"}],"wp:attachment":[{"href":"https:\/\/www.confere.org.br\/wordpress\/wp-json\/wp\/v2\/media?parent=14488"}],"wp:term":[{"taxonomy":"category","embeddable":true,"href":"https:\/\/www.confere.org.br\/wordpress\/wp-json\/wp\/v2\/categories?post=14488"},{"taxonomy":"post_tag","embeddable":true,"href":"https:\/\/www.confere.org.br\/wordpress\/wp-json\/wp\/v2\/tags?post=14488"}],"curies":[{"name":"wp","href":"https:\/\/api.w.org\/{rel}","templated":true}]}}