{"id":1470,"date":"2019-11-19T11:18:44","date_gmt":"2019-11-19T14:18:44","guid":{"rendered":"http:\/\/www.confere.org.br\/wordpress\/?p=1470"},"modified":"2023-06-23T15:37:19","modified_gmt":"2023-06-23T18:37:19","slug":"pregao-eletronico-no-013-2018-registro-de-precos-para-eventual-aquisicoes-de-cartuchos-toners-e-suprimentos-para-impressoras-e-copiadoras","status":"publish","type":"post","link":"https:\/\/www.confere.org.br\/wordpress\/pregao-eletronico-no-013-2018-registro-de-precos-para-eventual-aquisicoes-de-cartuchos-toners-e-suprimentos-para-impressoras-e-copiadoras\/","title":{"rendered":"Processo de Licita\u00e7\u00e3o n\u00ba 20\/2018 &#8211;  Registro de pre\u00e7os para eventual aquisi\u00e7\u00f5es de cartuchos, toners e suprimentos para impressoras e copiadoras"},"content":{"rendered":"\n<p> 28\/09\/2018 &#8211; <a rel=\"noreferrer noopener\" aria-label=\"Instrumento Convocat\u00f3rio (abre numa nova aba)\" href=\"https:\/\/confere.org.br\/PDF\/LICITACOES%202018\/EDITAL%20TONERS%20E%20CARTUCHOS%20-%20CONFERE-CORE-SP%20II.pdf\" target=\"_blank\">Instrumento Convocat\u00f3rio &#8211; n\u00ba 13\/2018<\/a><\/p>\n\n\n\n<ul><li><a href=\"https:\/\/www.confere.org.br\/wordpress\/wp-content\/uploads\/2023\/06\/termo-de-adjudicacao-pregao-13.pdf\" target=\"_blank\" rel=\"noreferrer noopener\">Termo de Adjudica\u00e7\u00e3o<\/a><\/li><li><a href=\"https:\/\/www.confere.org.br\/wordpress\/wp-content\/uploads\/2023\/06\/Termo-de-Homologacao-pregao-13.pdf\" target=\"_blank\" rel=\"noreferrer noopener\">Termo de Homologa\u00e7\u00e3o<\/a><\/li><\/ul>\n","protected":false},"excerpt":{"rendered":"<p>28\/09\/2018 &#8211; Instrumento Convocat\u00f3rio &#8211; n\u00ba 13\/2018 Termo de Adjudica\u00e7\u00e3o Termo de Homologa\u00e7\u00e3o<\/p>\n","protected":false},"author":1,"featured_media":0,"comment_status":"closed","ping_status":"closed","sticky":false,"template":"","format":"standard","meta":[],"categories":[32],"tags":[],"_links":{"self":[{"href":"https:\/\/www.confere.org.br\/wordpress\/wp-json\/wp\/v2\/posts\/1470"}],"collection":[{"href":"https:\/\/www.confere.org.br\/wordpress\/wp-json\/wp\/v2\/posts"}],"about":[{"href":"https:\/\/www.confere.org.br\/wordpress\/wp-json\/wp\/v2\/types\/post"}],"author":[{"embeddable":true,"href":"https:\/\/www.confere.org.br\/wordpress\/wp-json\/wp\/v2\/users\/1"}],"replies":[{"embeddable":true,"href":"https:\/\/www.confere.org.br\/wordpress\/wp-json\/wp\/v2\/comments?post=1470"}],"version-history":[{"count":4,"href":"https:\/\/www.confere.org.br\/wordpress\/wp-json\/wp\/v2\/posts\/1470\/revisions"}],"predecessor-version":[{"id":11325,"href":"https:\/\/www.confere.org.br\/wordpress\/wp-json\/wp\/v2\/posts\/1470\/revisions\/11325"}],"wp:attachment":[{"href":"https:\/\/www.confere.org.br\/wordpress\/wp-json\/wp\/v2\/media?parent=1470"}],"wp:term":[{"taxonomy":"category","embeddable":true,"href":"https:\/\/www.confere.org.br\/wordpress\/wp-json\/wp\/v2\/categories?post=1470"},{"taxonomy":"post_tag","embeddable":true,"href":"https:\/\/www.confere.org.br\/wordpress\/wp-json\/wp\/v2\/tags?post=1470"}],"curies":[{"name":"wp","href":"https:\/\/api.w.org\/{rel}","templated":true}]}}