{"id":14839,"date":"2024-11-08T10:15:18","date_gmt":"2024-11-08T13:15:18","guid":{"rendered":"https:\/\/www.confere.org.br\/wordpress\/?p=14839"},"modified":"2024-11-08T10:16:26","modified_gmt":"2024-11-08T13:16:26","slug":"presidente-do-confere-participa-de-reunioes-no-core-ce","status":"publish","type":"post","link":"https:\/\/www.confere.org.br\/wordpress\/presidente-do-confere-participa-de-reunioes-no-core-ce\/","title":{"rendered":"Presidente do Confere participa de reuni\u00f5es no Core-CE"},"content":{"rendered":"\n<p>A visita teve como objetivo ouvir as demandas locais, alinhar estrat\u00e9gias e buscar sugest\u00f5es para aprimorar o funcionamento e os servi\u00e7os prestados \u00e0 categoria dos representantes comerciais no Estado.<\/p>\n\n\n\n<p>Durante o encontro, o presidente Archimedes reuniu-se com os departamentos estrat\u00e9gicos do Core-CE, como financeiro, arrecada\u00e7\u00e3o, procuradoria e tecnologia da informa\u00e7\u00e3o, abordando quest\u00f5es espec\u00edficas relacionadas a cada \u00e1rea.<br><\/p>\n\n\n<div class=\"wp-block-image\">\n<figure class=\"aligncenter size-large is-resized\"><img src=\"https:\/\/www.confere.org.br\/wordpress\/wp-content\/uploads\/2024\/11\/WhatsApp-Image-2024-11-08-at-09.40.28-1-1024x768.jpeg\" alt=\"\" class=\"wp-image-14843\" width=\"688\" height=\"516\" srcset=\"https:\/\/www.confere.org.br\/wordpress\/wp-content\/uploads\/2024\/11\/WhatsApp-Image-2024-11-08-at-09.40.28-1-1024x768.jpeg 1024w, https:\/\/www.confere.org.br\/wordpress\/wp-content\/uploads\/2024\/11\/WhatsApp-Image-2024-11-08-at-09.40.28-1-300x225.jpeg 300w, https:\/\/www.confere.org.br\/wordpress\/wp-content\/uploads\/2024\/11\/WhatsApp-Image-2024-11-08-at-09.40.28-1-768x576.jpeg 768w, https:\/\/www.confere.org.br\/wordpress\/wp-content\/uploads\/2024\/11\/WhatsApp-Image-2024-11-08-at-09.40.28-1-1536x1152.jpeg 1536w, https:\/\/www.confere.org.br\/wordpress\/wp-content\/uploads\/2024\/11\/WhatsApp-Image-2024-11-08-at-09.40.28-1-1568x1176.jpeg 1568w, https:\/\/www.confere.org.br\/wordpress\/wp-content\/uploads\/2024\/11\/WhatsApp-Image-2024-11-08-at-09.40.28-1.jpeg 1920w\" sizes=\"(max-width: 688px) 100vw, 688px\" \/><\/figure><\/div>\n\n\n<p><br>Al\u00e9m de se aprofundar nas necessidades e desafios dos setores, as reuni\u00f5es foram importantes para um diagn\u00f3stico das oportunidades do Regional e propiciaram o estreitamente do relacionamento entre o Confere e os colaboradores do Core-CE. &#8220;Minha visita ao Cear\u00e1 foi extremamente produtiva. As reuni\u00f5es foram uma oportunidade valiosa para compreender de perto as particularidades do estado e buscar solu\u00e7\u00f5es que atendam \u00e0s demandas locais. Estamos trabalhando de forma integrada para garantir o crescimento e a valoriza\u00e7\u00e3o da profiss\u00e3o&#8221;, destacou o presidente.<\/p>\n","protected":false},"excerpt":{"rendered":"<p>O diretor-presidente do Confere, Archimedes Cavalcanti J\u00fanior, esteve em Fortaleza nesta quarta-feira (06), onde participou de uma s\u00e9rie de reuni\u00f5es com as equipes do Regional no Cear\u00e1 (Core-CE).<\/p>\n","protected":false},"author":8,"featured_media":14841,"comment_status":"closed","ping_status":"closed","sticky":false,"template":"","format":"standard","meta":[],"categories":[34,49,17],"tags":[],"_links":{"self":[{"href":"https:\/\/www.confere.org.br\/wordpress\/wp-json\/wp\/v2\/posts\/14839"}],"collection":[{"href":"https:\/\/www.confere.org.br\/wordpress\/wp-json\/wp\/v2\/posts"}],"about":[{"href":"https:\/\/www.confere.org.br\/wordpress\/wp-json\/wp\/v2\/types\/post"}],"author":[{"embeddable":true,"href":"https:\/\/www.confere.org.br\/wordpress\/wp-json\/wp\/v2\/users\/8"}],"replies":[{"embeddable":true,"href":"https:\/\/www.confere.org.br\/wordpress\/wp-json\/wp\/v2\/comments?post=14839"}],"version-history":[{"count":2,"href":"https:\/\/www.confere.org.br\/wordpress\/wp-json\/wp\/v2\/posts\/14839\/revisions"}],"predecessor-version":[{"id":14845,"href":"https:\/\/www.confere.org.br\/wordpress\/wp-json\/wp\/v2\/posts\/14839\/revisions\/14845"}],"wp:featuredmedia":[{"embeddable":true,"href":"https:\/\/www.confere.org.br\/wordpress\/wp-json\/wp\/v2\/media\/14841"}],"wp:attachment":[{"href":"https:\/\/www.confere.org.br\/wordpress\/wp-json\/wp\/v2\/media?parent=14839"}],"wp:term":[{"taxonomy":"category","embeddable":true,"href":"https:\/\/www.confere.org.br\/wordpress\/wp-json\/wp\/v2\/categories?post=14839"},{"taxonomy":"post_tag","embeddable":true,"href":"https:\/\/www.confere.org.br\/wordpress\/wp-json\/wp\/v2\/tags?post=14839"}],"curies":[{"name":"wp","href":"https:\/\/api.w.org\/{rel}","templated":true}]}}