{"id":14849,"date":"2024-11-11T15:28:54","date_gmt":"2024-11-11T18:28:54","guid":{"rendered":"https:\/\/www.confere.org.br\/wordpress\/?p=14849"},"modified":"2024-11-25T10:43:34","modified_gmt":"2024-11-25T13:43:34","slug":"processo-administrativo-de-contratacao-direta-no-18-2024-contratacao-de-empresa-especializada-na-area-de-tecnologia-da-informacao-e-comunicacao-tic-para-fornecer-servicos-de-computacao-em-nuvem","status":"publish","type":"post","link":"https:\/\/www.confere.org.br\/wordpress\/processo-administrativo-de-contratacao-direta-no-18-2024-contratacao-de-empresa-especializada-na-area-de-tecnologia-da-informacao-e-comunicacao-tic-para-fornecer-servicos-de-computacao-em-nuvem\/","title":{"rendered":"Processo Administrativo de Contrata\u00e7\u00e3o Direta n\u00ba 18\/2024 &#8211; Contrata\u00e7\u00e3o de empresa especializada na \u00e1rea de Tecnologia da Informa\u00e7\u00e3o e Comunica\u00e7\u00e3o (TIC) para fornecer servi\u00e7os de computa\u00e7\u00e3o em nuvem"},"content":{"rendered":"\n<p><a href=\"https:\/\/www.confere.org.br\/wordpress\/wp-content\/uploads\/2024\/11\/Termo-de-Referencia.pdf\">Termo de Refer\u00eancia<\/a><\/p>\n<p><a href=\"https:\/\/www.confere.org.br\/wordpress\/wp-content\/uploads\/2024\/11\/Anexo-I-Descricao_dos_Servicos.pdf\">Anexo I<\/a><\/p>\n<p><a href=\"https:\/\/www.confere.org.br\/wordpress\/wp-content\/uploads\/2024\/11\/Anexo_II-LGPD_SERPRO.pdf\">Anexo II<\/a><\/p>\n<p><a href=\"https:\/\/www.confere.org.br\/wordpress\/wp-content\/uploads\/2024\/11\/Anexo-III.pdf\">Anexo III<\/a><\/p>\n<p><a href=\"https:\/\/www.confere.org.br\/wordpress\/wp-content\/uploads\/2024\/11\/Anexo_IV-IDENTIFICACAO_DO_CLIENTE.pdf\">Anexo IV<\/a><\/p>\n<p><a href=\"https:\/\/www.confere.org.br\/wordpress\/wp-content\/uploads\/2024\/11\/Contrato_Serpro_Multicloud_assinado_Tarjado-1.pdf\">Contrato<\/a><\/p>\n<p>PNCP: <a href=\"https:\/\/pncp.gov.br\/app\/contratos\/34046367000168\/2024\/7\">Portal Nacional de Contrata\u00e7\u00f5es P\u00fablicas<\/a><\/p>\n","protected":false},"excerpt":{"rendered":"<p>Termo de Refer\u00eancia Anexo I Anexo II Anexo III Anexo IV Contrato PNCP: Portal Nacional de Contrata\u00e7\u00f5es P\u00fablicas<\/p>\n","protected":false},"author":3,"featured_media":0,"comment_status":"closed","ping_status":"closed","sticky":false,"template":"","format":"standard","meta":[],"categories":[55],"tags":[],"_links":{"self":[{"href":"https:\/\/www.confere.org.br\/wordpress\/wp-json\/wp\/v2\/posts\/14849"}],"collection":[{"href":"https:\/\/www.confere.org.br\/wordpress\/wp-json\/wp\/v2\/posts"}],"about":[{"href":"https:\/\/www.confere.org.br\/wordpress\/wp-json\/wp\/v2\/types\/post"}],"author":[{"embeddable":true,"href":"https:\/\/www.confere.org.br\/wordpress\/wp-json\/wp\/v2\/users\/3"}],"replies":[{"embeddable":true,"href":"https:\/\/www.confere.org.br\/wordpress\/wp-json\/wp\/v2\/comments?post=14849"}],"version-history":[{"count":2,"href":"https:\/\/www.confere.org.br\/wordpress\/wp-json\/wp\/v2\/posts\/14849\/revisions"}],"predecessor-version":[{"id":14905,"href":"https:\/\/www.confere.org.br\/wordpress\/wp-json\/wp\/v2\/posts\/14849\/revisions\/14905"}],"wp:attachment":[{"href":"https:\/\/www.confere.org.br\/wordpress\/wp-json\/wp\/v2\/media?parent=14849"}],"wp:term":[{"taxonomy":"category","embeddable":true,"href":"https:\/\/www.confere.org.br\/wordpress\/wp-json\/wp\/v2\/categories?post=14849"},{"taxonomy":"post_tag","embeddable":true,"href":"https:\/\/www.confere.org.br\/wordpress\/wp-json\/wp\/v2\/tags?post=14849"}],"curies":[{"name":"wp","href":"https:\/\/api.w.org\/{rel}","templated":true}]}}