{"id":14961,"date":"2024-12-03T17:00:00","date_gmt":"2024-12-03T20:00:00","guid":{"rendered":"https:\/\/www.confere.org.br\/wordpress\/?p=14961"},"modified":"2025-07-03T14:25:25","modified_gmt":"2025-07-03T17:25:25","slug":"dispensa-eletronica-no-90-022-2024-contratacao-da-licenca-adobe-creative-cloud-e-outros","status":"publish","type":"post","link":"https:\/\/www.confere.org.br\/wordpress\/dispensa-eletronica-no-90-022-2024-contratacao-da-licenca-adobe-creative-cloud-e-outros\/","title":{"rendered":"Dispensa Eletr\u00f4nica N\u00ba 90.022\/2024 &#8211; Contrata\u00e7\u00e3o da licen\u00e7a Adobe Creative Cloud e outros"},"content":{"rendered":"\n<ul data-editing-info=\"{&quot;orderedStyleType&quot;:1,&quot;unorderedStyleType&quot;:1}\">\n<li>\n<div data-olk-copy-source=\"MessageBody\"><a href=\"https:\/\/www.confere.org.br\/wordpress\/wp-content\/uploads\/2024\/12\/Edital_de_Dispensa_Eletronica_Adobe.pdf\">Termo de Refer\u00eancia<\/a><\/div>\n<\/li>\n<li>\n<div class=\"x_elementToProof\"><a href=\"https:\/\/www.confere.org.br\/wordpress\/wp-content\/uploads\/2024\/12\/SEI_0005009_AnexoI.pdf\">Anexos I <\/a><\/div>\n<\/li>\n<li><a href=\"https:\/\/www.confere.org.br\/wordpress\/wp-content\/uploads\/2024\/12\/AnexoII.pdf\">Anexo II<\/a><\/li>\n<li>\n<div class=\"x_elementToProof\">Link PNCP:\u00a0<a id=\"LPlnk244862\" class=\"x_OWAAutoLink\" title=\"https:\/\/pncp.gov.br\/app\/editais\/34046367000168\/2024\/27\" href=\"https:\/\/pncp.gov.br\/app\/editais\/34046367000168\/2024\/27\" target=\"_blank\" rel=\"noopener noreferrer\" data-auth=\"NotApplicable\" data-linkindex=\"0\">https:\/\/pncp.gov.br\/app\/editais\/34046367000168\/2024\/27<\/a><\/div>\n<\/li>\n<li>\n<div><a href=\"https:\/\/www.confere.org.br\/wordpress\/wp-content\/uploads\/2024\/12\/DESPACHO_TR_ADOBE_assinado_editado.pdf\">Autoriza\u00e7\u00e3o do\u00a0Ordenador de Despesa<\/a><\/div>\n<\/li>\n<li>\n<div class=\"x_elementToProof\">Data da sess\u00e3o: 06\/12\/2024<\/div>\n<\/li>\n<li><a href=\"https:\/\/www.confere.org.br\/wordpress\/wp-content\/uploads\/2024\/12\/relatorio-dispensa-38904706900222024-1.pdf\"><span data-olk-copy-source=\"MessageBody\">19\/12\/2024 &#8211; Relat\u00f3rio Homologado<\/span><\/a><\/li>\n<li>Contrato: <a id=\"LPlnk673384\" title=\"https:\/\/pncp.gov.br\/app\/contratos\/34046367000168\/2025\/17\" href=\"https:\/\/pncp.gov.br\/app\/contratos\/34046367000168\/2025\/17\" target=\"_blank\" rel=\"noopener noreferrer\" data-auth=\"NotApplicable\" data-linkindex=\"1\">https:\/\/pncp.gov.br\/app\/contratos\/34046367000168\/2025\/17<\/a><\/li>\n<li>Procedimento:\u00a0<a id=\"LPlnk745419\" title=\"https:\/\/pncp.gov.br\/app\/editais\/34046367000168\/2024\/27\" href=\"https:\/\/pncp.gov.br\/app\/editais\/34046367000168\/2024\/27\" target=\"_blank\" rel=\"noopener noreferrer\" data-auth=\"NotApplicable\" data-linkindex=\"0\">https:\/\/pncp.gov.br\/app\/editais\/34046367000168\/2024\/27<\/a>;<\/li>\n<\/ul>\n","protected":false},"excerpt":{"rendered":"<p>Termo de Refer\u00eancia Anexos I Anexo II Link PNCP:\u00a0https:\/\/pncp.gov.br\/app\/editais\/34046367000168\/2024\/27 Autoriza\u00e7\u00e3o do\u00a0Ordenador de Despesa Data da sess\u00e3o: 06\/12\/2024 19\/12\/2024 &#8211; Relat\u00f3rio Homologado Contrato: https:\/\/pncp.gov.br\/app\/contratos\/34046367000168\/2025\/17 Procedimento:\u00a0https:\/\/pncp.gov.br\/app\/editais\/34046367000168\/2024\/27;<\/p>\n","protected":false},"author":7,"featured_media":0,"comment_status":"closed","ping_status":"closed","sticky":false,"template":"","format":"standard","meta":[],"categories":[60],"tags":[],"_links":{"self":[{"href":"https:\/\/www.confere.org.br\/wordpress\/wp-json\/wp\/v2\/posts\/14961"}],"collection":[{"href":"https:\/\/www.confere.org.br\/wordpress\/wp-json\/wp\/v2\/posts"}],"about":[{"href":"https:\/\/www.confere.org.br\/wordpress\/wp-json\/wp\/v2\/types\/post"}],"author":[{"embeddable":true,"href":"https:\/\/www.confere.org.br\/wordpress\/wp-json\/wp\/v2\/users\/7"}],"replies":[{"embeddable":true,"href":"https:\/\/www.confere.org.br\/wordpress\/wp-json\/wp\/v2\/comments?post=14961"}],"version-history":[{"count":3,"href":"https:\/\/www.confere.org.br\/wordpress\/wp-json\/wp\/v2\/posts\/14961\/revisions"}],"predecessor-version":[{"id":16407,"href":"https:\/\/www.confere.org.br\/wordpress\/wp-json\/wp\/v2\/posts\/14961\/revisions\/16407"}],"wp:attachment":[{"href":"https:\/\/www.confere.org.br\/wordpress\/wp-json\/wp\/v2\/media?parent=14961"}],"wp:term":[{"taxonomy":"category","embeddable":true,"href":"https:\/\/www.confere.org.br\/wordpress\/wp-json\/wp\/v2\/categories?post=14961"},{"taxonomy":"post_tag","embeddable":true,"href":"https:\/\/www.confere.org.br\/wordpress\/wp-json\/wp\/v2\/tags?post=14961"}],"curies":[{"name":"wp","href":"https:\/\/api.w.org\/{rel}","templated":true}]}}