{"id":14971,"date":"2024-12-04T15:57:51","date_gmt":"2024-12-04T18:57:51","guid":{"rendered":"https:\/\/www.confere.org.br\/wordpress\/?p=14971"},"modified":"2025-01-15T10:15:16","modified_gmt":"2025-01-15T13:15:16","slug":"dispensa-eletronica-no-90-020-2024-aquisicao-de-mobiliario-para-o-confere-brasilia","status":"publish","type":"post","link":"https:\/\/www.confere.org.br\/wordpress\/dispensa-eletronica-no-90-020-2024-aquisicao-de-mobiliario-para-o-confere-brasilia\/","title":{"rendered":"Dispensa Eletr\u00f4nica N\u00ba 90.020\/2024 &#8211; Aquisi\u00e7\u00e3o de mobili\u00e1rio para o Confere Bras\u00edlia"},"content":{"rendered":"\n<ul data-editing-info=\"{&quot;orderedStyleType&quot;:1,&quot;unorderedStyleType&quot;:1}\">\n<li>\n<div class=\"x_elementToProof\" data-olk-copy-source=\"MessageBody\"><a href=\"https:\/\/www.confere.org.br\/wordpress\/wp-content\/uploads\/2024\/12\/Regras-Gerais-e-TR-Moveis-Brasilia.pdf\">Termo de Refer\u00eancia<\/a><\/div>\n<\/li>\n<li>\n<div class=\"x_elementToProof\">Link PNCP:\u00a0<a id=\"LPlnk471881\" class=\"x_OWAAutoLink\" title=\"https:\/\/pncp.gov.br\/app\/editais\/34046367000168\/2024\/28\" href=\"https:\/\/pncp.gov.br\/app\/editais\/34046367000168\/2024\/28\" target=\"_blank\" rel=\"noopener noreferrer\" data-auth=\"NotApplicable\" data-linkindex=\"0\">https:\/\/pncp.gov.br\/app\/editais\/34046367000168\/2024\/28<\/a><\/div>\n<\/li>\n<li>\n<div><a href=\"https:\/\/www.confere.org.br\/wordpress\/wp-content\/uploads\/2024\/12\/DESPACHO_TR_MOVEIS_assinado_.pdf\">Autoriza\u00e7\u00e3o do\u00a0Ordenador de Despesa<\/a><\/div>\n<\/li>\n<li>\n<div class=\"x_elementToProof\">Data da sess\u00e3o: 11\/12\/2024<\/div>\n<\/li>\n<li><a href=\"https:\/\/www.confere.org.br\/wordpress\/wp-content\/uploads\/2024\/12\/relatorio-dispensa-38904706900202024-1.pdf\">19\/12\/2024 &#8211; Relat\u00f3rio Homologado<\/a><\/li>\n<\/ul>\n","protected":false},"excerpt":{"rendered":"<p>Termo de Refer\u00eancia Link PNCP:\u00a0https:\/\/pncp.gov.br\/app\/editais\/34046367000168\/2024\/28 Autoriza\u00e7\u00e3o do\u00a0Ordenador de Despesa Data da sess\u00e3o: 11\/12\/2024 19\/12\/2024 &#8211; Relat\u00f3rio Homologado<\/p>\n","protected":false},"author":7,"featured_media":0,"comment_status":"closed","ping_status":"closed","sticky":false,"template":"","format":"standard","meta":[],"categories":[60],"tags":[],"_links":{"self":[{"href":"https:\/\/www.confere.org.br\/wordpress\/wp-json\/wp\/v2\/posts\/14971"}],"collection":[{"href":"https:\/\/www.confere.org.br\/wordpress\/wp-json\/wp\/v2\/posts"}],"about":[{"href":"https:\/\/www.confere.org.br\/wordpress\/wp-json\/wp\/v2\/types\/post"}],"author":[{"embeddable":true,"href":"https:\/\/www.confere.org.br\/wordpress\/wp-json\/wp\/v2\/users\/7"}],"replies":[{"embeddable":true,"href":"https:\/\/www.confere.org.br\/wordpress\/wp-json\/wp\/v2\/comments?post=14971"}],"version-history":[{"count":2,"href":"https:\/\/www.confere.org.br\/wordpress\/wp-json\/wp\/v2\/posts\/14971\/revisions"}],"predecessor-version":[{"id":15090,"href":"https:\/\/www.confere.org.br\/wordpress\/wp-json\/wp\/v2\/posts\/14971\/revisions\/15090"}],"wp:attachment":[{"href":"https:\/\/www.confere.org.br\/wordpress\/wp-json\/wp\/v2\/media?parent=14971"}],"wp:term":[{"taxonomy":"category","embeddable":true,"href":"https:\/\/www.confere.org.br\/wordpress\/wp-json\/wp\/v2\/categories?post=14971"},{"taxonomy":"post_tag","embeddable":true,"href":"https:\/\/www.confere.org.br\/wordpress\/wp-json\/wp\/v2\/tags?post=14971"}],"curies":[{"name":"wp","href":"https:\/\/api.w.org\/{rel}","templated":true}]}}