{"id":15095,"date":"2024-12-27T09:23:58","date_gmt":"2024-12-27T12:23:58","guid":{"rendered":"https:\/\/www.confere.org.br\/wordpress\/?p=15095"},"modified":"2025-04-11T08:58:12","modified_gmt":"2025-04-11T11:58:12","slug":"eleicao-confere-trienio-2025-2028","status":"publish","type":"post","link":"https:\/\/www.confere.org.br\/wordpress\/eleicao-confere-trienio-2025-2028\/","title":{"rendered":"ELEI\u00c7\u00c3O CONFERE &#8211; TRI\u00caNIO 2025\/2028"},"content":{"rendered":"\n<p><a href=\"https:\/\/www.confere.org.br\/wordpress\/wp-content\/uploads\/2024\/12\/DEFLAGRACAO-ELEICAO-CONFERE-1-1.pdf\">Resolu\u00e7\u00e3o n\u00ba 2.143\/202<\/a>4 &#8211; Deflagra\u00e7\u00e3o do Procedimento Eleitoral para composi\u00e7\u00e3o da Diretoria Executiva do Confere, Comiss\u00e3o Fiscal e Suplentes. Nomea\u00e7\u00e3o da Comiss\u00e3o Eleitoral, respons\u00e1vel pela dire\u00e7\u00e3o do pleito.<\/p>\n<p><a href=\"https:\/\/www.confere.org.br\/wordpress\/wp-content\/uploads\/2024\/12\/RES-2143.pdf\">Resolu\u00e7\u00e3o n\u00ba 2.143\/2024 &#8211; publicada no DOU<\/a><\/p>\n<p><a href=\"https:\/\/www.confere.org.br\/wordpress\/wp-content\/uploads\/2025\/01\/REQUERIMENTO-DE-REGISTRO-DE-CHAPA.pdf\">Requerimento de Chapa<\/a><\/p>\n<p><a href=\"https:\/\/www.confere.org.br\/wordpress\/wp-content\/uploads\/2024\/12\/DECLARACAO-DE-AQUIESCENCIA-ELEICAO-CONFERE-1.pdf\">Declara\u00e7\u00e3o de Aquiesc\u00eancia<\/a><\/p>\n<p><a href=\"https:\/\/www.confere.org.br\/wordpress\/wp-content\/uploads\/2024\/12\/FICHA-QUALIFICACAO-ELEICAO-CONFERE-1.pdf\">Ficha de Qualifica\u00e7\u00e3o<\/a><\/p>\n<p><a href=\"https:\/\/www.confere.org.br\/wordpress\/wp-content\/uploads\/2025\/01\/Aviso_de_registro_de_chapa_assinado.pdf\">Aviso de Registro de Chapa<\/a><\/p>\n<p>&nbsp;<\/p>\n\n\n","protected":false},"excerpt":{"rendered":"<p>Processo Eleitoral para composi\u00e7\u00e3o do Confere<\/p>\n","protected":false},"author":3,"featured_media":0,"comment_status":"closed","ping_status":"closed","sticky":false,"template":"","format":"standard","meta":[],"categories":[43],"tags":[],"_links":{"self":[{"href":"https:\/\/www.confere.org.br\/wordpress\/wp-json\/wp\/v2\/posts\/15095"}],"collection":[{"href":"https:\/\/www.confere.org.br\/wordpress\/wp-json\/wp\/v2\/posts"}],"about":[{"href":"https:\/\/www.confere.org.br\/wordpress\/wp-json\/wp\/v2\/types\/post"}],"author":[{"embeddable":true,"href":"https:\/\/www.confere.org.br\/wordpress\/wp-json\/wp\/v2\/users\/3"}],"replies":[{"embeddable":true,"href":"https:\/\/www.confere.org.br\/wordpress\/wp-json\/wp\/v2\/comments?post=15095"}],"version-history":[{"count":4,"href":"https:\/\/www.confere.org.br\/wordpress\/wp-json\/wp\/v2\/posts\/15095\/revisions"}],"predecessor-version":[{"id":15818,"href":"https:\/\/www.confere.org.br\/wordpress\/wp-json\/wp\/v2\/posts\/15095\/revisions\/15818"}],"wp:attachment":[{"href":"https:\/\/www.confere.org.br\/wordpress\/wp-json\/wp\/v2\/media?parent=15095"}],"wp:term":[{"taxonomy":"category","embeddable":true,"href":"https:\/\/www.confere.org.br\/wordpress\/wp-json\/wp\/v2\/categories?post=15095"},{"taxonomy":"post_tag","embeddable":true,"href":"https:\/\/www.confere.org.br\/wordpress\/wp-json\/wp\/v2\/tags?post=15095"}],"curies":[{"name":"wp","href":"https:\/\/api.w.org\/{rel}","templated":true}]}}